{"id":2879,"date":"2023-01-18T18:49:21","date_gmt":"2023-01-18T18:49:21","guid":{"rendered":"https:\/\/minutaregional.cl\/?p=2879"},"modified":"2023-01-18T18:49:21","modified_gmt":"2023-01-18T18:49:21","slug":"monte-patria-obtiene-fuente-de-financiamiento-para-proyecto-de-reposicion-de-liceo-bicentenario","status":"publish","type":"post","link":"https:\/\/minutaregional.cl\/?p=2879","title":{"rendered":"Monte Patria obtiene fuente de financiamiento para Proyecto de Reposici\u00f3n de Liceo Bicentenario"},"content":{"rendered":"<p style=\"text-align: justify;\"><strong><em>M\u00e1s de 30 mil millones de pesos dispondr\u00e1 el Ministerio de Obras P\u00fablicas para concretar la reposici\u00f3n de Liceo Bicentenario de Excelencia Presidente Eduardo Frei Montalva de Monte Patria, comunidad educativa que sufri\u00f3 diversos deterioros, a nivel de infraestructura, por consecuencia del terremoto de 2015.<\/em><\/strong><\/p>\n<p style=\"text-align: justify;\">Diversos son los organismos que se encuentran trabajando desde hace meses en una mesa de t\u00e9cnica realizada en la tierra montepatrina, cuyo prop\u00f3sito es poder realizar de forma definitiva la reposici\u00f3n del Liceo Bicentenario de Excelencia Presidente Eduardo Frei Montalva. Esta comunidad educativa cuenta con una ampl\u00eda matr\u00edcula de nivel de ense\u00f1anza media y t\u00e9cnico profesional, la que ha esperado durante a\u00f1os una respuesta definitiva para la mejora.<\/p>\n<p style=\"text-align: justify;\">Hoy, la gesti\u00f3n, el trabajo coordinado y el compromiso que se ha venido forjando entre la primera autoridad de Monte Patria junto a autoridades regionales y provinciales ha dado sus frutos, donde se ha podido avanzar en una importante meta de Gobierno y territorial, como es, obtener los recursos financieros para el proyecto de Liceo nuevo.<\/p>\n<p style=\"text-align: justify;\"><strong>CUARTA MESA T\u00c9CNICA<\/strong><\/p>\n<p style=\"text-align: justify;\">En un nuevo encuentro t\u00e9cnico, Galo Luna Penna -Delegado Presidencial Provincial- y Cecilia Ram\u00edrez Ch\u00e1vez -Seremi de Educaci\u00f3n de nuestra regi\u00f3n-, formalizaron, tras una importante gesti\u00f3n a nivel central, que Monte Patria ya cuenta con la fuente de financiamiento para poder concretar la reposici\u00f3n de Liceo Bicentenario, donde el Ministerio de Obras P\u00fablicas ser\u00e1 el que colaborar\u00e1 y otorgar\u00e1 los recursos necesarios (m\u00e1s de 30 mil millones de pesos) para dar vida a tan importante obra, el que va en beneficio del bienestar integral de todos qui\u00e9nes son parte de tan prestigiosa comunidad educativa.<\/p>\n<p style=\"text-align: justify;\">Cecilia Ram\u00edrez Ch\u00e1vez, Seremi de Educaci\u00f3n de la Regi\u00f3n de Coquimbo, destac\u00f3 la importancia del trabajo en equipo que se ha venido realizando para generar dicho compromiso: <strong>\u201cEl trabajo en equipo siempre va a tener buenos frutos. La semana pasada viajamos a Santiago con el Delegado Presidencial del Limar\u00ed en busca, justamente, de financiamiento. En medio de una reuni\u00f3n con el Subsecretario de Educaci\u00f3n, logramos financiamiento por el Ministerio de Obras P\u00fablicas, as\u00ed que estamos felices, contentos, seguimos trabajando para que la comunidad educativa de Liceo Presidente Eduardo Frei Montalva de Monte Patria tenga prontamente sus instalaciones como corresponde\u201d.<\/strong><\/p>\n<p style=\"text-align: justify;\">Esta magna obra arquitect\u00f3nica contar\u00e1 con instalaciones de calidad, con una infraestructura educativa digna, para poder fortalecer as\u00ed los procesos de ense\u00f1anza y aprendizaje.<\/p>\n<p style=\"text-align: justify;\">Galo Luna Penna, Delegado Presidencial del Limar\u00ed, quien particip\u00f3 con la Seremi de Educaci\u00f3n en una reuni\u00f3n con el Subsecretario de Educaci\u00f3n, Sr. Gabriel Bosque Toro en la ciudad Santiago, cuyo fin era poder precisar t\u00f3picos significativos para el avance de este proyecto, expres\u00f3: <strong>\u201cSeguimos en esta mesa; nosotros asumimos este compromiso presidencial que se hizo aqu\u00ed en Monte Patria; con mucho rigor, \u00e9nfasis hemos estado trabajando junto al Alcalde. Ahora se ha incorporado el Ministerio de Desarrollo Social, est\u00e1 el Ministerio de Obras P\u00fablicas, el Ministerio de Educaci\u00f3n y, en este contexto, tuvimos una reuni\u00f3n con el Subsecretario Bosque en Santiago, junto a la Seremi, que nos permiti\u00f3 all\u00e1, acelerar los procesos y tener un itinerario m\u00e1s claro, adem\u00e1s de la gran noticia que nos ha planteado el Ministerio de Obras P\u00fablicas que es posible concurrir con el financiamiento de este proyecto\u201d.<\/strong><\/p>\n<p style=\"text-align: justify;\">El representante del Presidente en el Limar\u00ed enfatiz\u00f3 en que se seguir\u00e1 trabajando de manera coordinada y con mucho compromiso para poder dar cumplimiento a este mandato.<\/p>\n<p style=\"text-align: justify;\">Por su parte, la Primera Autoridad de Monte Patria, recalc\u00f3 la importancia de que el Ministerio de Obras P\u00fablicas se haya pronunciado para apoyar esta iniciativa, a lo que agreg\u00f3: <strong>\u201cCreo que esta fue de las reuniones m\u00e1s importantes que hemos tenido, con respecto a poder sacar adelante el proyecto de Liceo nuevo Eduardo Frei Montalva, que nos venimos juntando desde que el Presidente hizo el anuncio de que era una meta presidencial sacar el Liceo\u201d. <\/strong><\/p>\n<p style=\"text-align: justify;\"><strong>\u201cEstuvimos en reuniones en Santiago con el Subsecretario de Educaci\u00f3n, con el Ministro y, bueno, se instal\u00f3 esta mesa. Hoy lo que vemos es como todos los organismos est\u00e1n involucrados y con una buena noticia, que hoy en d\u00eda ya existe una fuente de financiamiento, que no es menor, esta obra es sobre los 30 mil millones de pesos, sobre los 30 mil millones (reitera), lo que est\u00e1 proyectado que ser\u00e1 el costo de todo el proceso; el instalar una escuela de emergencia, el demoler lo que hoy existe y el construir un nuevo liceo\u201d<\/strong> agreg\u00f3.<\/p>\n<p style=\"text-align: justify;\">Con un cronograma minucioso, procesos, plazos y metas definidas tras los insumos obtenidos, las autoridades, los equipos t\u00e9cnicos-profesionales que son parte de este proyecto, iniciar\u00e1n una nueva etapa a este significativo desaf\u00edo, donde se espera, en un plazo no muy lejano, realizar un proceso informativo y participativo para dar a conocer a la comunidad educativa el dise\u00f1o arquitect\u00f3nico y acad\u00e9mico del nuevo Liceo Bicentenario de Excelencia Presidente Eduardo Frei Montalva.<\/p>\n","protected":false},"excerpt":{"rendered":"<p>M\u00e1s de 30 mil millones de pesos dispondr\u00e1 el Ministerio de Obras P\u00fablicas para concretar la reposici\u00f3n de Liceo Bicentenario de Excelencia Presidente Eduardo Frei Montalva de Monte Patria, comunidad educativa que sufri\u00f3 diversos deterioros, a nivel de infraestructura, por consecuencia del terremoto de 2015. Diversos son los organismos que<\/p>\n","protected":false},"author":1,"featured_media":2880,"comment_status":"closed","ping_status":"open","sticky":false,"template":"","format":"standard","meta":{"footnotes":""},"categories":[21],"tags":[],"class_list":["post-2879","post","type-post","status-publish","format-standard","has-post-thumbnail","hentry","category-municipalidades"],"_links":{"self":[{"href":"https:\/\/minutaregional.cl\/index.php?rest_route=\/wp\/v2\/posts\/2879","targetHints":{"allow":["GET"]}}],"collection":[{"href":"https:\/\/minutaregional.cl\/index.php?rest_route=\/wp\/v2\/posts"}],"about":[{"href":"https:\/\/minutaregional.cl\/index.php?rest_route=\/wp\/v2\/types\/post"}],"author":[{"embeddable":true,"href":"https:\/\/minutaregional.cl\/index.php?rest_route=\/wp\/v2\/users\/1"}],"replies":[{"embeddable":true,"href":"https:\/\/minutaregional.cl\/index.php?rest_route=%2Fwp%2Fv2%2Fcomments&post=2879"}],"version-history":[{"count":1,"href":"https:\/\/minutaregional.cl\/index.php?rest_route=\/wp\/v2\/posts\/2879\/revisions"}],"predecessor-version":[{"id":2881,"href":"https:\/\/minutaregional.cl\/index.php?rest_route=\/wp\/v2\/posts\/2879\/revisions\/2881"}],"wp:featuredmedia":[{"embeddable":true,"href":"https:\/\/minutaregional.cl\/index.php?rest_route=\/wp\/v2\/media\/2880"}],"wp:attachment":[{"href":"https:\/\/minutaregional.cl\/index.php?rest_route=%2Fwp%2Fv2%2Fmedia&parent=2879"}],"wp:term":[{"taxonomy":"category","embeddable":true,"href":"https:\/\/minutaregional.cl\/index.php?rest_route=%2Fwp%2Fv2%2Fcategories&post=2879"},{"taxonomy":"post_tag","embeddable":true,"href":"https:\/\/minutaregional.cl\/index.php?rest_route=%2Fwp%2Fv2%2Ftags&post=2879"}],"curies":[{"name":"wp","href":"https:\/\/api.w.org\/{rel}","templated":true}]}}