{"id":2876,"date":"2023-01-18T18:31:52","date_gmt":"2023-01-18T18:31:52","guid":{"rendered":"https:\/\/minutaregional.cl\/?p=2876"},"modified":"2023-01-18T18:31:52","modified_gmt":"2023-01-18T18:31:52","slug":"union-comunal-de-adultos-mayores-de-canela-finalizan-taller-de-alfabetizacion-digital","status":"publish","type":"post","link":"https:\/\/minutaregional.cl\/?p=2876","title":{"rendered":"UNION COMUNAL DE ADULTOS MAYORES DE CANELA FINALIZAN TALLER DE ALFABETIZACION DIGITAL"},"content":{"rendered":"<p style=\"text-align: justify;\">La ceremonia de finalizaci\u00f3n del proyecto \u201cTaller de alfabetizaci\u00f3n digital para dirigentes mayores\u201d que tuvo como objetivo principal que los dirigentes de los clubes adultos mayores de la comuna de Canela pudieran adquirir conocimientos b\u00e1sicos en las aplicaciones para que puedan interactuar con sus familiares, socios de sus clubes, entre clubes y por supuesto que puedan encontrar en el ciberespacio entretenci\u00f3n que ayude en la autonom\u00eda personal y social.<\/p>\n<p style=\"text-align: justify;\">Jimena Arenas encargada comunal de la oficina del adulto mayor en Canela manifest\u00f3 lo siguiente \u201c Ojal\u00e1 que podamos seguir realizando instancias, para que ellos puedan hacer uso y practicar lo aprendido y como oficina del adulto mayor en nosotros los acompa\u00f1amos en la ejecuci\u00f3n del proyecto, para que puedan ellos tener los espacios, poder convocar a los dirigentes, a los dem\u00e1s clubes y desde aqu\u00ed de esta oficina felicitamos tambi\u00e9n a quienes participaron, quienes se atrevieron y quienes van a seguir participando y la idea es que se puedan seguir puedan seguir capacit\u00e1ndose m\u00e1s personas o no solamente los dirigentes, sino que tambi\u00e9n otras personas que lo necesitan y especialmente de adultos mayores que a veces quedan aislados de la informaci\u00f3n porque ahora todo llega por WhatsApp, llega por correo electr\u00f3nico y la informaci\u00f3n es como m\u00e1s inmediata. Las \u00a0capacitaciones, las reuniones pr\u00e1cticamente de todos los servicios p\u00fablicos se est\u00e1n haciendo por esta v\u00eda, por lo tanto nosotros creemos que ahora con estos talleres los clubes de adultos mayores puedan pueden participar y pueden estar al tanto de lo que est\u00e1 sucediendo y de lo que est\u00e1 ofreciendo el estado de Chile\u201d<\/p>\n<p style=\"text-align: justify;\">Este proyecto fue dirigido a dirigentes de los clubes de adultos mayores asociados en la Uni\u00f3n Comunal de Adultos Mayores de la comuna de Canela, con la colaboraci\u00f3n de la oficina del adulto mayor de la municipalidad, esta iniciativa fue financiada por el Gobierno Regional de Coquimbo por un monto de $ 2.969.990, donde los participantes se capacitaron en el uso de correo electr\u00f3nico, WhatsApp y plataforma zoom, impartido por la monitora Valeria Jorquera.<\/p>\n","protected":false},"excerpt":{"rendered":"<p>La ceremonia de finalizaci\u00f3n del proyecto \u201cTaller de alfabetizaci\u00f3n digital para dirigentes mayores\u201d que tuvo como objetivo principal que los dirigentes de los clubes adultos mayores de la comuna de Canela pudieran adquirir conocimientos b\u00e1sicos en las aplicaciones para que puedan interactuar con sus familiares, socios de sus clubes, entre<\/p>\n","protected":false},"author":1,"featured_media":2877,"comment_status":"closed","ping_status":"open","sticky":false,"template":"","format":"standard","meta":{"footnotes":""},"categories":[21],"tags":[],"class_list":["post-2876","post","type-post","status-publish","format-standard","has-post-thumbnail","hentry","category-municipalidades"],"_links":{"self":[{"href":"https:\/\/minutaregional.cl\/index.php?rest_route=\/wp\/v2\/posts\/2876","targetHints":{"allow":["GET"]}}],"collection":[{"href":"https:\/\/minutaregional.cl\/index.php?rest_route=\/wp\/v2\/posts"}],"about":[{"href":"https:\/\/minutaregional.cl\/index.php?rest_route=\/wp\/v2\/types\/post"}],"author":[{"embeddable":true,"href":"https:\/\/minutaregional.cl\/index.php?rest_route=\/wp\/v2\/users\/1"}],"replies":[{"embeddable":true,"href":"https:\/\/minutaregional.cl\/index.php?rest_route=%2Fwp%2Fv2%2Fcomments&post=2876"}],"version-history":[{"count":1,"href":"https:\/\/minutaregional.cl\/index.php?rest_route=\/wp\/v2\/posts\/2876\/revisions"}],"predecessor-version":[{"id":2878,"href":"https:\/\/minutaregional.cl\/index.php?rest_route=\/wp\/v2\/posts\/2876\/revisions\/2878"}],"wp:featuredmedia":[{"embeddable":true,"href":"https:\/\/minutaregional.cl\/index.php?rest_route=\/wp\/v2\/media\/2877"}],"wp:attachment":[{"href":"https:\/\/minutaregional.cl\/index.php?rest_route=%2Fwp%2Fv2%2Fmedia&parent=2876"}],"wp:term":[{"taxonomy":"category","embeddable":true,"href":"https:\/\/minutaregional.cl\/index.php?rest_route=%2Fwp%2Fv2%2Fcategories&post=2876"},{"taxonomy":"post_tag","embeddable":true,"href":"https:\/\/minutaregional.cl\/index.php?rest_route=%2Fwp%2Fv2%2Ftags&post=2876"}],"curies":[{"name":"wp","href":"https:\/\/api.w.org\/{rel}","templated":true}]}}