{"id":2873,"date":"2023-01-18T18:10:48","date_gmt":"2023-01-18T18:10:48","guid":{"rendered":"https:\/\/minutaregional.cl\/?p=2873"},"modified":"2023-01-18T18:10:48","modified_gmt":"2023-01-18T18:10:48","slug":"diputado-manouchehri-ps-y-rechazo-a-dominga-triunfo-la-razon-por-sobre-el-lobby-del-dinero","status":"publish","type":"post","link":"https:\/\/minutaregional.cl\/?p=2873","title":{"rendered":"Diputado Manouchehri (PS) y rechazo a Dominga: \u201cTriunf\u00f3 la raz\u00f3n por sobre el lobby del dinero\u201d"},"content":{"rendered":"<p style=\"text-align: justify;\">El Comit\u00e9 de Ministros rechaz\u00f3 de forma un\u00e1nime el Proyecto Minero Dominga, de propiedad de Andes Iron y ligada a la familia D\u00e9lano, proyectado para la comuna de La Higuera. Posteriormente, desplegando un lienzo con el mensaje \u201cNo a Dominga\u201d, un grupo de diputados valor\u00f3 la acci\u00f3n del gobierno.<\/p>\n<p style=\"text-align: justify;\">El diputado socialista Daniel Manouchehri expres\u00f3 que \u201choy es un buen d\u00eda para la biodiversidad de nuestro pa\u00eds. Ha triunfado la raz\u00f3n por sobre el poder del lobby del dinero. Creemos que es una buena noticia para Chile que el presidente Gabriel Boric se haya conectado con ese liderazgo por el cual millones de chilenos lo eligieron\u201d.<\/p>\n<p style=\"text-align: justify;\">Asimismo, el legislador de la Regi\u00f3n de Coquimbo agreg\u00f3 que \u201cno podemos descansar hasta que este lugar est\u00e9 completamente protegido y resguardado de los mezquinos intereses del dinero y podamos proteger este lugar que nos pertenece a todos, a las futuras generaciones, a nuestros hijos y a los hijos de nuestros hijos.<\/p>\n<p style=\"text-align: justify;\">\u201cQueremos adem\u00e1s hacer un llamado, porque\u00a0necesitamos poder inyectar un plan profundo en La Higuera que pueda mejorar la calidad de vida de las personas y los habitantes de La Higuera para que nunca m\u00e1s lleguen empresarios inescrupulosos con d\u00e1divas a tratar de aprovecharse de la situaci\u00f3n econ\u00f3mica de estas personas\u201d, destac\u00f3.<\/p>\n<p style=\"text-align: justify;\">En esa l\u00ednea, la diputada por la Regi\u00f3n de Atacama, Daniella Cicardini, inst\u00f3 a que esta \u00e1rea marina \u201cdebe ser protegida de manera birregional y con m\u00faltiples usos, y este nombre es clave porque permite seguir desarrollando la actividad productiva como la pesca artesanal y el turismo, que es parte de la diversificaci\u00f3n productiva que queremos darle a nuestras regiones\u201d.<\/p>\n<p style=\"text-align: justify;\">El tambi\u00e9n diputado por la regi\u00f3n, el socialista Juan Santana, destac\u00f3 que \u201cson m\u00e1s de 50 especies provenientes de las islas que forman parte de la Reserva Nacional de Ping\u00fcino de Humboldt que van a poder convivir durante los pr\u00f3ximos a\u00f1os y d\u00e9cadas, salvaguardando nuestro medio ambiente. Estamos muy contentos quienes provenimos de la tercera y cuarta regi\u00f3n\u201d.<\/p>\n<p style=\"text-align: justify;\">En tanto, el presidente de la Comisi\u00f3n de Medio Ambiente de la C\u00e1mara de Diputados, Daniel Melo, recalc\u00f3 que \u00absiempre lo dijimos y tuvimos claridad en decir que \u00e9ste era un p\u00e9simo proyecto que afectaba a un ecosistema \u00fanico en el mundo. Es por ello, que queremos valorar la acci\u00f3n decidida del gobierno del Presidente Gabriel Boric, en orden a rechazar este proyecto\u00bb.<\/p>\n","protected":false},"excerpt":{"rendered":"<p>El Comit\u00e9 de Ministros rechaz\u00f3 de forma un\u00e1nime el Proyecto Minero Dominga, de propiedad de Andes Iron y ligada a la familia D\u00e9lano, proyectado para la comuna de La Higuera. Posteriormente, desplegando un lienzo con el mensaje \u201cNo a Dominga\u201d, un grupo de diputados valor\u00f3 la acci\u00f3n del gobierno. El<\/p>\n","protected":false},"author":1,"featured_media":2874,"comment_status":"closed","ping_status":"open","sticky":false,"template":"","format":"standard","meta":{"footnotes":""},"categories":[26,1],"tags":[],"class_list":["post-2873","post","type-post","status-publish","format-standard","has-post-thumbnail","hentry","category-camara-de-diputadas-y-diputados","category-noticias-regionales"],"_links":{"self":[{"href":"https:\/\/minutaregional.cl\/index.php?rest_route=\/wp\/v2\/posts\/2873","targetHints":{"allow":["GET"]}}],"collection":[{"href":"https:\/\/minutaregional.cl\/index.php?rest_route=\/wp\/v2\/posts"}],"about":[{"href":"https:\/\/minutaregional.cl\/index.php?rest_route=\/wp\/v2\/types\/post"}],"author":[{"embeddable":true,"href":"https:\/\/minutaregional.cl\/index.php?rest_route=\/wp\/v2\/users\/1"}],"replies":[{"embeddable":true,"href":"https:\/\/minutaregional.cl\/index.php?rest_route=%2Fwp%2Fv2%2Fcomments&post=2873"}],"version-history":[{"count":1,"href":"https:\/\/minutaregional.cl\/index.php?rest_route=\/wp\/v2\/posts\/2873\/revisions"}],"predecessor-version":[{"id":2875,"href":"https:\/\/minutaregional.cl\/index.php?rest_route=\/wp\/v2\/posts\/2873\/revisions\/2875"}],"wp:featuredmedia":[{"embeddable":true,"href":"https:\/\/minutaregional.cl\/index.php?rest_route=\/wp\/v2\/media\/2874"}],"wp:attachment":[{"href":"https:\/\/minutaregional.cl\/index.php?rest_route=%2Fwp%2Fv2%2Fmedia&parent=2873"}],"wp:term":[{"taxonomy":"category","embeddable":true,"href":"https:\/\/minutaregional.cl\/index.php?rest_route=%2Fwp%2Fv2%2Fcategories&post=2873"},{"taxonomy":"post_tag","embeddable":true,"href":"https:\/\/minutaregional.cl\/index.php?rest_route=%2Fwp%2Fv2%2Ftags&post=2873"}],"curies":[{"name":"wp","href":"https:\/\/api.w.org\/{rel}","templated":true}]}}