{"id":2854,"date":"2023-01-15T18:10:50","date_gmt":"2023-01-15T18:10:50","guid":{"rendered":"https:\/\/minutaregional.cl\/?p=2854"},"modified":"2023-01-15T18:10:50","modified_gmt":"2023-01-15T18:10:50","slug":"no-a-dominga-diputados-y-gobernadores-entregan-carta-al-presidente-boric-instando-a-rechazar-megaproyecto","status":"publish","type":"post","link":"https:\/\/minutaregional.cl\/?p=2854","title":{"rendered":"No a Dominga: Diputados y gobernadores entregan carta al Presidente Boric instando a rechazar megaproyecto"},"content":{"rendered":"<p style=\"text-align: justify;\"><strong><em>\u201cSi el gobierno aprueba Dominga, se muere el alma del gobierno\u201d, indic\u00f3 el diputado Daniel Manouchehri, representante de la Regi\u00f3n de Coquimbo.<\/em><\/strong><\/p>\n<p style=\"text-align: justify;\"><strong>\u00a0<\/strong>Un grupo de diputadas y diputados lleg\u00f3 hasta el Palacio de La Moneda para entregar una carta firmada por m\u00e1s de 50 parlamentarios y los gobernadores de las regiones de Atacama y de Coquimbo. En la misiva instan al gobierno del Presidente Gabriel Boric a rechazar la instalaci\u00f3n del Proyecto Minero Dominga en la comuna de La Higuera, a las puertas de la votaci\u00f3n del Comit\u00e9 de Ministros a realizar el 18 de enero.<\/p>\n<p style=\"text-align: justify;\">Fueron recibidos por la ministra Secretaria General de la Presidencia, Ana Lya Uriarte, los diputados del PS Daniel Manouchehri, Daniella Cicardini, Daniel Melo y Leonardo Soto; Carolina Tello del PC; Cristian Tapia de la Bancada PPD; M\u00f3nica Arce de la Bancada Ecologista Verde; y la Gobernadora de Coquimbo, Krist Naranjo.<\/p>\n<p style=\"text-align: justify;\">El diputado Manouchehri afirm\u00f3 que \u201csi el gobierno aprueba Dominga, se muere el alma del gobierno. Es por eso que es tan importante y tenemos tanta confianza en que el Presidente Gabriel Boric lo va a rechazar y va a cumplir su palabra\u201d.<\/p>\n<p style=\"text-align: justify;\">\u201cDominga es muerte y corrupci\u00f3n. Le pedimos al gobierno primero que rechace este proyecto y, en segundo t\u00e9rmino, que pueda proteger el Archipi\u00e9lago de Humboldt. Creemos que Dominga es un proyecto que debe ser rechazado, es un proyecto nefasto, que tiene efectos destructivos y de ecocidio en un lugar que es sagrado para la naturaleza. Es un lugar que tenemos que cuidar como un patrimonio de nuestros hijos, de los hijos de nuestros hijos y de todas las futuras generaciones\u201d, se\u00f1al\u00f3 el legislador de la Regi\u00f3n de Coquimbo.<\/p>\n<p style=\"text-align: justify;\">En esa l\u00ednea, la diputada por Atacama Daniella Cicardini apel\u00f3 al \u201corigen oscuro\u201d en que se gest\u00f3 el proyecto minero, \u201clleno de conflictos de inter\u00e9s en el gobierno pasado, con el Presidente Sebasti\u00e1n Pi\u00f1era. Y adem\u00e1s tiene un origen viciado ma\u00f1osamente en su tramitaci\u00f3n, ya que este proyecto minero en su proceso de Evaluaci\u00f3n de Impacto Ambiental, ingresa a la Regi\u00f3n de Coquimbo y recordemos que este proyecto tambi\u00e9n compromete zonas de la Regi\u00f3n de Atacama\u201d.<\/p>\n<p style=\"text-align: justify;\">La legisladora del PS agreg\u00f3 que esto transgrede la legitimidad del marco regulatorio y legislativo en la ley de base del medioambiente, llegando a un acto ilegal.<\/p>\n<p style=\"text-align: justify;\">\u201cConfiamos en el compromiso de nuestro gobierno con el medioambiente, con Escaz\u00fa, y llamamos al Comit\u00e9 de Ministros y Ministras a darle un portazo a Dominga, evitar una tragedia medioambiental y avanzar hacia un desarrollo sustentable y un \u00c1rea Marina Protegida birregional y de m\u00faltiples usos que es parte del clamor que tienen las comunidades, la academia, y tambi\u00e9n la poblaci\u00f3n de las regiones de Coquimbo y Atacama\u201d, afirm\u00f3.<\/p>\n<p style=\"text-align: justify;\">En tanto, el diputado Daniel Melo, presidente de la Comisi\u00f3n de Medio Ambiente de la C\u00e1mara de Diputados, a\u00f1adi\u00f3 que, existiendo antecedentes t\u00e9cnicos y ambientales suficientes para tomar la decisi\u00f3n de rechazar el proyecto, \u201cel Estado de Chile debe tener un compromiso en la protecci\u00f3n de este ecosistema \u00fanico en el mundo. Sobre todo, pensando en las futuras generaciones, en el contexto en que estamos de emergencia clim\u00e1tica en nuestro pa\u00eds. Dominga es un mal proyecto, es por eso que decimos con mucha fuerza que el Comit\u00e9 de Ministros rechace este proyecto\u201d.<\/p>\n<p style=\"text-align: justify;\">Posterior a la reuni\u00f3n con la ministra Uriarte, la Gobernadora de la Regi\u00f3n de Coquimbo Krist Naranjo se refiri\u00f3 al momento complejo por el que vive el territorio a ra\u00edz de los a\u00f1os de disputa de Dominga con las comunidades.<\/p>\n<p style=\"text-align: justify;\">\u201cNosotros estamos trabajando por un desarrollo sustentable y ecol\u00f3gico. Ese es nuestro lineamiento principal.\u00a0 En s\u00ed, las propuestas de proyectos deben bajar su escala. Tenemos que mejorar los niveles de intervenci\u00f3n y los procesos productivos tambi\u00e9n en nuestro pa\u00eds. Hoy d\u00eda el sistema econ\u00f3mico mundial est\u00e1 en una recesi\u00f3n progresiva, sin embargo, la \u00fanica oportunidad que tenemos es ahora. Ahora debemos efectuar esa transici\u00f3n al cambio de la matriz energ\u00e9tica que nos permite tambi\u00e9n la proyecci\u00f3n de un desarrollo sustentable en el tiempo como seres humanos.\u201d, indic\u00f3.<\/p>\n<p style=\"text-align: justify;\">Asimismo, la autoridad regional llam\u00f3 a la comunidad a esperar tranquila la votaci\u00f3n del 18 de enero, se\u00f1alando que \u201cel resguardo de inversi\u00f3n que est\u00e1 haciendo tambi\u00e9n el Gobierno Regional para La Higuera y todas sus localidades aleda\u00f1as es importante. Y estamos trabajando de la mano con nuestro alcalde. La se\u00f1al es clara, nuestro gobierno regional est\u00e1 fortaleciendo la inversi\u00f3n regional y la falta de empleo hoy ha bajado much\u00edsimo en nuestra regi\u00f3n de Coquimbo con los programas y proyectos de inversi\u00f3n que hemos podido sacar adelante en conjunto con nuestro Consejo Regional\u201d.<\/p>\n<p style=\"text-align: justify;\">La misiva enviada al mandatario fue firmada por los siguientes diputados y diputadas de la Rep\u00fablica: Marco Ilabaca, Daniel Manouchehri, Danisa Astudillo, Nelson Venegas, Ana Maria Bravo, Juan Santana, Leonardo Soto, Daniela Cicardini y Daniel Melo, todos ellos de la Bancada del Partido Socialista; Lorena Fries, Gonzalo Winter, Javiera Morales, Diego Ib\u00e1\u00f1ez, Mercedes Bulnes, Maria Francisca Bello y Emilia Schneider, de Convergencia Social; las independientes por ese partido Clara Sagardia y Marcela Riquelme; los PDG Gaspar Rivas y Ruben Oyarzo; el PPD Ra\u00fal Soto y sus independientes Cristian Tapia, Jaime Araya y H\u00e9ctor Ulloa; Viviana Delgado y F\u00e9lix Gonzalez del PEV; Camila Rojas y Claudia Mix de Comunes; Lorena Pizarro, Natalia Castillo, Carol Cariola y Marisela Santiba\u00f1ez del PC; Tomas Hirsch (PH) y M\u00f3nica Arce (Ind-PH); Catalina Perez, Maite Orsini y Ericka \u00d1anco de RD; Jaime Mulet (FRVS); Cosme Mellado (PR); Andres Giordano (Indp-FA); Alejandro Bernales (PL) y los independientes Ren\u00e9 Alinco, Ana Maria Gazmuri, Camila Musante y Erika Olivera. A ellos, se suman la Gobernadora de la Regi\u00f3n de Coquimbo, Krist Naranjo y el Gobernador de la Regi\u00f3n de Atacama, Miguel Vargas.<\/p>\n","protected":false},"excerpt":{"rendered":"<p>\u201cSi el gobierno aprueba Dominga, se muere el alma del gobierno\u201d, indic\u00f3 el diputado Daniel Manouchehri, representante de la Regi\u00f3n de Coquimbo. \u00a0Un grupo de diputadas y diputados lleg\u00f3 hasta el Palacio de La Moneda para entregar una carta firmada por m\u00e1s de 50 parlamentarios y los gobernadores de las<\/p>\n","protected":false},"author":1,"featured_media":2855,"comment_status":"closed","ping_status":"open","sticky":false,"template":"","format":"standard","meta":{"footnotes":""},"categories":[26],"tags":[],"class_list":["post-2854","post","type-post","status-publish","format-standard","has-post-thumbnail","hentry","category-camara-de-diputadas-y-diputados"],"_links":{"self":[{"href":"https:\/\/minutaregional.cl\/index.php?rest_route=\/wp\/v2\/posts\/2854","targetHints":{"allow":["GET"]}}],"collection":[{"href":"https:\/\/minutaregional.cl\/index.php?rest_route=\/wp\/v2\/posts"}],"about":[{"href":"https:\/\/minutaregional.cl\/index.php?rest_route=\/wp\/v2\/types\/post"}],"author":[{"embeddable":true,"href":"https:\/\/minutaregional.cl\/index.php?rest_route=\/wp\/v2\/users\/1"}],"replies":[{"embeddable":true,"href":"https:\/\/minutaregional.cl\/index.php?rest_route=%2Fwp%2Fv2%2Fcomments&post=2854"}],"version-history":[{"count":1,"href":"https:\/\/minutaregional.cl\/index.php?rest_route=\/wp\/v2\/posts\/2854\/revisions"}],"predecessor-version":[{"id":2856,"href":"https:\/\/minutaregional.cl\/index.php?rest_route=\/wp\/v2\/posts\/2854\/revisions\/2856"}],"wp:featuredmedia":[{"embeddable":true,"href":"https:\/\/minutaregional.cl\/index.php?rest_route=\/wp\/v2\/media\/2855"}],"wp:attachment":[{"href":"https:\/\/minutaregional.cl\/index.php?rest_route=%2Fwp%2Fv2%2Fmedia&parent=2854"}],"wp:term":[{"taxonomy":"category","embeddable":true,"href":"https:\/\/minutaregional.cl\/index.php?rest_route=%2Fwp%2Fv2%2Fcategories&post=2854"},{"taxonomy":"post_tag","embeddable":true,"href":"https:\/\/minutaregional.cl\/index.php?rest_route=%2Fwp%2Fv2%2Ftags&post=2854"}],"curies":[{"name":"wp","href":"https:\/\/api.w.org\/{rel}","templated":true}]}}