{"id":2844,"date":"2023-01-07T01:24:09","date_gmt":"2023-01-07T01:24:09","guid":{"rendered":"https:\/\/minutaregional.cl\/?p=2844"},"modified":"2023-01-07T01:24:09","modified_gmt":"2023-01-07T01:24:09","slug":"diputado-manouchehri-por-anuncio-del-gobierno-debemos-hacer-que-estas-medidas-sean-permanentes-y-universales","status":"publish","type":"post","link":"https:\/\/minutaregional.cl\/?p=2844","title":{"rendered":"Diputado Manouchehri por anuncio del Gobierno: \u201cDebemos hacer que estas medidas sean permanentes y universales\u201d"},"content":{"rendered":"<p style=\"margin: 0cm 0cm 0.0001pt; line-height: 115%;\"><span style=\"font-family: 'Arial','sans-serif'; color: black;\">El gobierno del Presidente Gabriel Boric anunci\u00f3 un paquete de medidas de apoyo a las familias y mitigaci\u00f3n al alza del costo de la vida. Se trata de siete medidas, entre otras, la duplicaci\u00f3n del Aporte Familiar Permanente (o Bono Marzo), la implementaci\u00f3n del Bolsillo Familiar Electr\u00f3nico, y el aumento y ampliaci\u00f3n del Subsidio \u00danico Familiar y Asignaci\u00f3n Familiar.<\/span><\/p>\n<p style=\"margin: 0cm 0cm 0.0001pt; line-height: 115%;\"><span style=\"font-family: 'Arial','sans-serif'; color: black;\">\u00a0<\/span><\/p>\n<p style=\"margin: 0cm 0cm 0.0001pt; line-height: 115%;\"><span style=\"font-family: 'Arial','sans-serif'; color: black;\">\u00a0<\/span><\/p>\n<p style=\"margin: 0cm 0cm 0.0001pt; line-height: 115%;\"><span style=\"font-family: 'Arial','sans-serif'; color: black;\">El diputado del Partido Socialista, Daniel Manouchehri, valor\u00f3 el anuncio presidencial y la gesti\u00f3n del ministro de Hacienda, Mario Marcel, \u201cque garantiza seriedad en todas sus medidas. A mi juicio, estas son buenas medidas transitorias y debemos abrir la discusi\u00f3n para hacerlas permanentes y universales. El Estado es el \u00fanico soporte que puede afirmar a la mayor\u00eda de las personas. Tenemos la responsabilidad de trabajar en hacer estos soportes sociales permanentes y que lleguen a todos los chilenos\u201d, se\u00f1al\u00f3. <\/span><\/p>\n<p style=\"margin: 0cm 0cm 0.0001pt; line-height: 115%;\"><span style=\"font-family: 'Arial','sans-serif'; color: black;\">\u00a0<\/span><\/p>\n<p style=\"margin: 0cm 0cm 0.0001pt; line-height: 115%;\"><span style=\"font-family: 'Arial','sans-serif'; color: black;\">\u00a0<\/span><\/p>\n<p style=\"margin: 0cm 0cm 0.0001pt; line-height: 115%;\"><span style=\"font-family: 'Arial','sans-serif'; color: black;\">\u201cLa propuesta del Gobierno ayudar\u00e1 a millones de familias. Se hace cargo de inyectar dinero inmediato a los necesitados bolsillos de los chilenos. Es destacable que esa ayuda est\u00e9 enfocada en apoyar a la crianza de los hijos, a las personas discapacitadas, a los escolares y estudiantes y a los adultos mayores. Es una manera seria y responsable de ir en ayuda de la gente, haci\u00e9ndose cargo de no afectar la inflaci\u00f3n\u201d, agreg\u00f3 el legislador de la Regi\u00f3n de Coquimbo.<\/span><\/p>\n<p style=\"margin: 0cm 0cm 0.0001pt; line-height: 115%;\"><span style=\"font-family: 'Arial','sans-serif'; color: black;\">\u00a0<\/span><\/p>\n<p style=\"margin: 0cm 0cm 0.0001pt; line-height: 115%;\"><span style=\"font-family: 'Arial','sans-serif'; color: black;\">\u00a0<\/span><\/p>\n<p style=\"margin: 0cm 0cm 0.0001pt; line-height: 115%;\"><span style=\"font-family: 'Arial','sans-serif'; color: black;\">Asimismo, el integrante de la Comisi\u00f3n de Econom\u00eda de la C\u00e1mara de Diputados indic\u00f3 que \u201ces bueno que adicionalmente se involucre al rubro de la construcci\u00f3n, que favorecer\u00e1 la activaci\u00f3n econ\u00f3mica de empresas, pymes, y la generaci\u00f3n de empleo, favoreciendo las obras p\u00fablicas y la vivienda para las personas\u201d. <\/span><\/p>\n<p style=\"margin: 0cm 0cm 0.0001pt; line-height: 115%;\"><span style=\"font-family: 'Arial','sans-serif'; color: black;\">\u00a0<\/span><\/p>\n<p style=\"margin: 0cm 0cm 0.0001pt; line-height: 115%;\"><span style=\"font-family: 'Arial','sans-serif'; color: black;\">\u00a0<\/span><\/p>\n<p style=\"margin: 0cm 0cm 0.0001pt; line-height: 115%;\"><span style=\"font-family: 'Arial','sans-serif'; color: black;\">Junto a las medidas anunciadas por el Gobierno, Manouchehri destac\u00f3 que la Agenda Pro Endeudados que impulsa, en conjunto con parlamentarios de diversas bancadas, puede contribuir a paliar los efectos de la contingencia econ\u00f3mica. <\/span><\/p>\n<p style=\"margin: 0cm 0cm 0.0001pt; line-height: 115%;\"><span style=\"font-family: 'Arial','sans-serif'; color: black;\">\u00a0<\/span><\/p>\n<p style=\"margin: 0cm 0cm 0.0001pt; line-height: 115%;\"><span style=\"font-family: 'Arial','sans-serif'; color: black;\">\u00a0<\/span><\/p>\n<p style=\"margin: 0cm 0cm 0.0001pt; line-height: 115%;\"><span style=\"font-family: 'Arial','sans-serif'; color: black;\">\u201cEstas buenas propuestas pueden ser acompa\u00f1adas de la aprobaci\u00f3n en el Congreso de las leyes pro endeudados, como el \u2018Chao Dicom\u2019 y el \u2018Derecho al olvido financiero\u2019, que hemos impulsado y aprobado transversalmente en la C\u00e1mara de Diputados, y a las cuales el Gobierno ha colaborado positivamente en el debate legislativo con los ministerios de Hacienda y Econom\u00eda\u201d, cerr\u00f3.<\/span><\/p>\n<p style=\"margin: 0cm; margin-bottom: .0001pt; text-align: justify; line-height: 115%;\"><span style=\"font-family: 'Arial','sans-serif'; color: black;\">\u00a0<\/span><\/p>\n<p style=\"margin: 0cm; margin-bottom: .0001pt; text-align: justify; line-height: 115%;\">\n","protected":false},"excerpt":{"rendered":"<p>El gobierno del Presidente Gabriel Boric anunci\u00f3 un paquete de medidas de apoyo a las familias y mitigaci\u00f3n al alza del costo de la vida. Se trata de siete medidas, entre otras, la duplicaci\u00f3n del Aporte Familiar Permanente (o Bono Marzo), la implementaci\u00f3n del Bolsillo Familiar Electr\u00f3nico, y el aumento<\/p>\n","protected":false},"author":1,"featured_media":2734,"comment_status":"closed","ping_status":"open","sticky":false,"template":"","format":"standard","meta":{"footnotes":""},"categories":[26],"tags":[],"class_list":["post-2844","post","type-post","status-publish","format-standard","has-post-thumbnail","hentry","category-camara-de-diputadas-y-diputados"],"_links":{"self":[{"href":"https:\/\/minutaregional.cl\/index.php?rest_route=\/wp\/v2\/posts\/2844","targetHints":{"allow":["GET"]}}],"collection":[{"href":"https:\/\/minutaregional.cl\/index.php?rest_route=\/wp\/v2\/posts"}],"about":[{"href":"https:\/\/minutaregional.cl\/index.php?rest_route=\/wp\/v2\/types\/post"}],"author":[{"embeddable":true,"href":"https:\/\/minutaregional.cl\/index.php?rest_route=\/wp\/v2\/users\/1"}],"replies":[{"embeddable":true,"href":"https:\/\/minutaregional.cl\/index.php?rest_route=%2Fwp%2Fv2%2Fcomments&post=2844"}],"version-history":[{"count":1,"href":"https:\/\/minutaregional.cl\/index.php?rest_route=\/wp\/v2\/posts\/2844\/revisions"}],"predecessor-version":[{"id":2845,"href":"https:\/\/minutaregional.cl\/index.php?rest_route=\/wp\/v2\/posts\/2844\/revisions\/2845"}],"wp:featuredmedia":[{"embeddable":true,"href":"https:\/\/minutaregional.cl\/index.php?rest_route=\/wp\/v2\/media\/2734"}],"wp:attachment":[{"href":"https:\/\/minutaregional.cl\/index.php?rest_route=%2Fwp%2Fv2%2Fmedia&parent=2844"}],"wp:term":[{"taxonomy":"category","embeddable":true,"href":"https:\/\/minutaregional.cl\/index.php?rest_route=%2Fwp%2Fv2%2Fcategories&post=2844"},{"taxonomy":"post_tag","embeddable":true,"href":"https:\/\/minutaregional.cl\/index.php?rest_route=%2Fwp%2Fv2%2Ftags&post=2844"}],"curies":[{"name":"wp","href":"https:\/\/api.w.org\/{rel}","templated":true}]}}