{"id":2832,"date":"2022-12-31T22:10:14","date_gmt":"2022-12-31T22:10:14","guid":{"rendered":"https:\/\/minutaregional.cl\/?p=2832"},"modified":"2022-12-31T22:10:14","modified_gmt":"2022-12-31T22:10:14","slug":"diputado-manouchehri-sin-fuegos-artificiales-este-sera-un-buen-ano-nuevo-para-personas-tea-y-mascotas","status":"publish","type":"post","link":"https:\/\/minutaregional.cl\/?p=2832","title":{"rendered":"Diputado Manouchehri: \u201cSin fuegos artificiales este ser\u00e1 un buen A\u00f1o Nuevo para personas TEA y mascotas\u201d"},"content":{"rendered":"<p style=\"text-align: justify;\">El diputado Daniel Manouchehri, autor del proyecto \u201cNo m\u00e1s fuegos artificiales\u201d, valor\u00f3 la suspensi\u00f3n de los shows con fuegos de artificio a lo largo de Chile. \u201cSin fuegos artificiales tendremos un buen A\u00f1o Nuevo para personas con TEA y mascotas. Los fuegos artificiales son una entretenci\u00f3n para algunos, pero una pesadilla para otras\u201d, indic\u00f3.<\/p>\n<p style=\"text-align: justify;\">\u201cAdicionalmente, llamamos a la autoridad a aumentar la fiscalizaci\u00f3n respecto del tr\u00e1fico de fuegos artificiales. El uso de estos, es un peligro para la poblaci\u00f3n, que debe perseguirse con fuerza\u201d, apunt\u00f3 el legislador por la Regi\u00f3n de Coquimbo.<\/p>\n<p style=\"text-align: justify;\">Respecto al desarrollo de un trabajo legislativo en esta materia, Manouchehri valor\u00f3 que \u201chayamos logrado abrir un debate, visibilizado una demanda de miles de personas, y que muchos municipios se sumar\u00e1n a suspender los shows pirot\u00e9cnicos\u201d.<\/p>\n<p style=\"text-align: justify;\">\u201cEl pa\u00eds est\u00e1 preparado para avanzar en la discusi\u00f3n sobre la prohibici\u00f3n del uso de pirot\u00e9cnica en shows. Temas econ\u00f3micos, medioambientales, salud y protecci\u00f3n social son fundamentos de sobra\u201d, agreg\u00f3.<\/p>\n<p style=\"text-align: justify;\">Justamente, el diputado socialista destac\u00f3 la suspensi\u00f3n permanente de los shows con fuegos artificiales en Coquimbo, anunciado por el alcalde Al\u00ed Manouchehri, en beneficio de las personas con TEA, hipoacusia, mascotas y cuidado del medioambiente. Sumado a esto, la no realizaci\u00f3n del espect\u00e1culo significar\u00eda en diversos municipios del pa\u00eds una reducci\u00f3n en el gasto y\/o redistribuci\u00f3n de los recursos hacia instancias alternativas como ferias de emprendimientos, shows con luces o drones, ayudas para los sectores m\u00e1s vulnerables, entre otros.<\/p>\n<p style=\"text-align: justify;\"><strong>Proyecto \u201cNo m\u00e1s fuegos artificiales\u201d<\/strong><\/p>\n<p style=\"text-align: justify;\">Hace unos d\u00edas, parlamentarios de diversas bancadas presentaron el proyecto de ley \u201cNo m\u00e1s fuegos artificiales\u201d, con el fin de prohibir la realizaci\u00f3n de espect\u00e1culos pirot\u00e9cnicos y el uso de pirotecnia en eventos masivos, precisamente como los tradicionales eventos de A\u00f1o Nuevo.<\/p>\n<p style=\"text-align: justify;\">\u201cHemos presentado este proyecto por empat\u00eda hacia las personas con TEA y hacia las mascotas que se ven afectadas severamente cada vez que se lanzan fuegos artificiales\u201d, se\u00f1al\u00f3 Daniel Manouchehri en la presentaci\u00f3n.<\/p>\n<p style=\"text-align: justify;\">Son autores los diputados Daniel Manouchehri, Daniella Cicardini, Daniel Melo y Ra\u00fal Leiva del Partido Socialista; Mar\u00eda Luisa Cordero de la Bancada de Renovaci\u00f3n Nacional; Andr\u00e9s Jouannet de Amarillos y Ericka \u00d1anco de Revoluci\u00f3n Democr\u00e1tica. Se espera que la iniciativa ingrese oficialmente a la C\u00e1mara de Diputados comenzando enero de 2023 y sea derivada a la Comisi\u00f3n de Defensa para su discusi\u00f3n.<\/p>\n<p>&nbsp;<\/p>\n","protected":false},"excerpt":{"rendered":"<p>El diputado Daniel Manouchehri, autor del proyecto \u201cNo m\u00e1s fuegos artificiales\u201d, valor\u00f3 la suspensi\u00f3n de los shows con fuegos de artificio a lo largo de Chile. \u201cSin fuegos artificiales tendremos un buen A\u00f1o Nuevo para personas con TEA y mascotas. Los fuegos artificiales son una entretenci\u00f3n para algunos, pero una<\/p>\n","protected":false},"author":1,"featured_media":2834,"comment_status":"closed","ping_status":"open","sticky":false,"template":"","format":"standard","meta":{"footnotes":""},"categories":[26],"tags":[],"class_list":["post-2832","post","type-post","status-publish","format-standard","has-post-thumbnail","hentry","category-camara-de-diputadas-y-diputados"],"_links":{"self":[{"href":"https:\/\/minutaregional.cl\/index.php?rest_route=\/wp\/v2\/posts\/2832","targetHints":{"allow":["GET"]}}],"collection":[{"href":"https:\/\/minutaregional.cl\/index.php?rest_route=\/wp\/v2\/posts"}],"about":[{"href":"https:\/\/minutaregional.cl\/index.php?rest_route=\/wp\/v2\/types\/post"}],"author":[{"embeddable":true,"href":"https:\/\/minutaregional.cl\/index.php?rest_route=\/wp\/v2\/users\/1"}],"replies":[{"embeddable":true,"href":"https:\/\/minutaregional.cl\/index.php?rest_route=%2Fwp%2Fv2%2Fcomments&post=2832"}],"version-history":[{"count":1,"href":"https:\/\/minutaregional.cl\/index.php?rest_route=\/wp\/v2\/posts\/2832\/revisions"}],"predecessor-version":[{"id":2835,"href":"https:\/\/minutaregional.cl\/index.php?rest_route=\/wp\/v2\/posts\/2832\/revisions\/2835"}],"wp:featuredmedia":[{"embeddable":true,"href":"https:\/\/minutaregional.cl\/index.php?rest_route=\/wp\/v2\/media\/2834"}],"wp:attachment":[{"href":"https:\/\/minutaregional.cl\/index.php?rest_route=%2Fwp%2Fv2%2Fmedia&parent=2832"}],"wp:term":[{"taxonomy":"category","embeddable":true,"href":"https:\/\/minutaregional.cl\/index.php?rest_route=%2Fwp%2Fv2%2Fcategories&post=2832"},{"taxonomy":"post_tag","embeddable":true,"href":"https:\/\/minutaregional.cl\/index.php?rest_route=%2Fwp%2Fv2%2Ftags&post=2832"}],"curies":[{"name":"wp","href":"https:\/\/api.w.org\/{rel}","templated":true}]}}