{"id":2829,"date":"2022-12-28T00:04:47","date_gmt":"2022-12-28T00:04:47","guid":{"rendered":"https:\/\/minutaregional.cl\/?p=2829"},"modified":"2022-12-28T00:04:47","modified_gmt":"2022-12-28T00:04:47","slug":"inauguran-centro-gastronomico-borde-costero-de-penuelas","status":"publish","type":"post","link":"https:\/\/minutaregional.cl\/?p=2829","title":{"rendered":"Inauguran Centro Gastron\u00f3mico Borde Costero de Pe\u00f1uelas"},"content":{"rendered":"<p class=\"yiv4246988714MsoNormal\" style=\"text-align: justify;\"><span lang=\"ES-MX\">El espacio cuenta con 16 locales, de los cuales 10 corresponden al rubro gastron\u00f3mico y 6 de venta de pescados y mariscos.<\/span><\/p>\n<p class=\"yiv4246988714MsoNormal\" style=\"text-align: justify;\"><span lang=\"ES-MX\">Un hito para los beneficiarios de la Corporaci\u00f3n de Desarrollo del Borde costero Pe\u00f1uelas, que durante a\u00f1os so\u00f1aron con tener un lugar con las condiciones necesarias para ejercer sus actividades, tuvo su punto culmine este martes con la inauguraci\u00f3n del espacio que invita a una experiencia llena de sabores durante esta temporada estival y durante todo el a\u00f1o<\/span><\/p>\n<p class=\"yiv4246988714MsoNormal\" style=\"text-align: justify;\"><span lang=\"ES-MX\">\u00a0\u201cPara nosotros es un sue\u00f1o cumplido ya que la trayectoria fue muy larga. Desde el 2015 estamos buscando un lugar para trabajar dignamente y ofrecer un buen servicio, el que hoy lo vemos coronado. La gente est\u00e1 contenta con sus puestos y quiero, m\u00e1s que nada, agradecer la ayuda de Corfo que fue fundamental en este proyecto\u201d, se\u00f1al\u00f3 Francisco Pizarro, socio de la Corporaci\u00f3n del Borde Costero de Pe\u00f1uelas. A\u00f1adiendo que, \u201ceste centro beneficia a 16 familias, pero damos trabajo a m\u00e1s de 100\u201d.<\/span><\/p>\n<p class=\"yiv4246988714MsoNormal\" style=\"text-align: justify;\"><span lang=\"ES-MX\">Reinvenci\u00f3n y mejora de los espacios que fueron posibles a trav\u00e9s de un trabajo mancomunado, entre los integrantes de la Corporaci\u00f3n de Desarrollo del Borde costero Pe\u00f1uelas con el apoyo Corfo, a trav\u00e9s del Programa de Apoyo a la Reactivaci\u00f3n financiado por el Gobierno Regional, adem\u00e1s, cont\u00f3 con el apoyo del\u00a0 Municipio de Coquimbo, la Capitan\u00eda de Puerto, el Servicio de Electricidad y Combustible, la Delegaci\u00f3n Presidencial y diversos organismos como Barrio del Mar.<\/span><\/p>\n<p class=\"yiv4246988714MsoNormal\" style=\"text-align: justify;\"><span lang=\"ES-MX\">Con respecto a lo anterior, el Director Regional de Corfo, Andr\u00e9s Zurita indic\u00f3 que \u201clos emprendedores se organizaron, formaron una corporaci\u00f3n y han ido batallando &#8211; y para eso la colaboraci\u00f3n ha sido clave. De hecho, el cooperativismo es una de las metas que tenemos para desarrollar en la regi\u00f3n; apoyar a las cooperativas existentes, as\u00ed como las nuevas. En la asociatividad radica una fortaleza muy importante para los emprendedores que- de manera aislada- cuesta much\u00edsimo m\u00e1s conseguir las cosas\u201d<\/span><\/p>\n<p class=\"yiv4246988714MsoNormal\" style=\"text-align: justify;\">Y es que, durante la implementaci\u00f3n de este centro gastron\u00f3mico, se encontraron con la necesidad de habilitar infraestructura cr\u00edtica para el funcionamiento de sus locales, por lo que el proyecto contempl\u00f3 financiamiento de las obras y estudios necesarios para los sistemas de alcantarillado y agua potable, con el objetivo de cumplir con la normativa vigente y que ahora es una realidad.<\/p>\n<p class=\"yiv4246988714MsoNormal\" style=\"text-align: justify;\"><span lang=\"ES-MX\">\u201cNosotros estamos muy contentos por este lindo proyecto, que nos permite potenciar el turismo en un espacio tan bonito como es nuestra nueva y remozada avenida Costanera. El Municipio ha puesto a su disposici\u00f3n los equipos y el dise\u00f1o de estos trabajos en conjunto con Corfo, logrando generar esta infraestructura que nos permite ir avanzando a pasos agigantados en una avenida costanera importante, que reciba a los turistas y que nos permita ir posicionando a Coquimbo, en t\u00e9rminos generales, como una de las comunas importantes en el turismo\u201d se\u00f1al\u00f3 el alcalde de Coquimbo Ali\u00a0<\/span>Manouchehri<span lang=\"ES-MX\">\u00a0.<\/span><\/p>\n<p class=\"yiv4246988714MsoNormal\" style=\"text-align: justify;\"><span lang=\"ES-MX\">El apoyo fue gestado a trav\u00e9s del Programa de Apoyo a la Reactivaci\u00f3n de Corfo, que cont\u00f3 con el financiamiento del Gobierno Regional por un total de 175 millones. En este sentido, Lorena Sandoval, jefa de Divisi\u00f3n de Fomento e Industria manifest\u00f3 que esto fue parte de \u201c<\/span>un trabajo sostenido y coordinado con Corfo para que a trav\u00e9s de sus instrumentos pudi\u00e9semos brindar este importante beneficio a nuestros emprendedores y empresarios de la regi\u00f3n. Es as\u00ed como hemos ido implementando proyectos como el que hoy inauguramos, orientado a fortalecer el rubro gastron\u00f3mico y apostar por el desarrollo de la actividad tur\u00edstica\u201d<\/p>\n<p class=\"yiv4246988714MsoNormal\" style=\"text-align: justify;\">Declaraciones que comparte la presidenta\u00a0de la\u00a0Comisi\u00f3n\u00a0de\u00a0Fomento Productivo, Ciencia, Tecnolog\u00eda e innovaci\u00f3n de Consejo Regional, Tatiana Castillo\u00a0<span lang=\"ES-MX\">\u201ccon esto se levantan las pymes y se les da un apoyo enorme, porque adem\u00e1s de los importantes recursos entregados, la asociatividad jug\u00f3 un rol fundamental para lograr este objetivo.<\/span><\/p>\n<p class=\"yiv4246988714MsoNormal\"><span lang=\"ES-MX\">\u00a0<\/span><\/p>\n","protected":false},"excerpt":{"rendered":"<p>El espacio cuenta con 16 locales, de los cuales 10 corresponden al rubro gastron\u00f3mico y 6 de venta de pescados y mariscos. Un hito para los beneficiarios de la Corporaci\u00f3n de Desarrollo del Borde costero Pe\u00f1uelas, que durante a\u00f1os so\u00f1aron con tener un lugar con las condiciones necesarias para ejercer<\/p>\n","protected":false},"author":1,"featured_media":2830,"comment_status":"closed","ping_status":"open","sticky":false,"template":"","format":"standard","meta":{"footnotes":""},"categories":[20,21,1],"tags":[],"class_list":["post-2829","post","type-post","status-publish","format-standard","has-post-thumbnail","hentry","category-corfo","category-municipalidades","category-noticias-regionales"],"_links":{"self":[{"href":"https:\/\/minutaregional.cl\/index.php?rest_route=\/wp\/v2\/posts\/2829","targetHints":{"allow":["GET"]}}],"collection":[{"href":"https:\/\/minutaregional.cl\/index.php?rest_route=\/wp\/v2\/posts"}],"about":[{"href":"https:\/\/minutaregional.cl\/index.php?rest_route=\/wp\/v2\/types\/post"}],"author":[{"embeddable":true,"href":"https:\/\/minutaregional.cl\/index.php?rest_route=\/wp\/v2\/users\/1"}],"replies":[{"embeddable":true,"href":"https:\/\/minutaregional.cl\/index.php?rest_route=%2Fwp%2Fv2%2Fcomments&post=2829"}],"version-history":[{"count":1,"href":"https:\/\/minutaregional.cl\/index.php?rest_route=\/wp\/v2\/posts\/2829\/revisions"}],"predecessor-version":[{"id":2831,"href":"https:\/\/minutaregional.cl\/index.php?rest_route=\/wp\/v2\/posts\/2829\/revisions\/2831"}],"wp:featuredmedia":[{"embeddable":true,"href":"https:\/\/minutaregional.cl\/index.php?rest_route=\/wp\/v2\/media\/2830"}],"wp:attachment":[{"href":"https:\/\/minutaregional.cl\/index.php?rest_route=%2Fwp%2Fv2%2Fmedia&parent=2829"}],"wp:term":[{"taxonomy":"category","embeddable":true,"href":"https:\/\/minutaregional.cl\/index.php?rest_route=%2Fwp%2Fv2%2Fcategories&post=2829"},{"taxonomy":"post_tag","embeddable":true,"href":"https:\/\/minutaregional.cl\/index.php?rest_route=%2Fwp%2Fv2%2Ftags&post=2829"}],"curies":[{"name":"wp","href":"https:\/\/api.w.org\/{rel}","templated":true}]}}