{"id":2826,"date":"2022-12-27T23:05:07","date_gmt":"2022-12-27T23:05:07","guid":{"rendered":"https:\/\/minutaregional.cl\/?p=2826"},"modified":"2022-12-27T23:05:07","modified_gmt":"2022-12-27T23:05:07","slug":"diputado-manouchehri-por-empatia-con-personas-con-tea-hipoacusia-y-las-mascotas-se-deben-suspender-los-shows-de-fuegos-artificiales","status":"publish","type":"post","link":"https:\/\/minutaregional.cl\/?p=2826","title":{"rendered":"Diputado Manouchehri: \u201cPor empat\u00eda con personas con TEA, Hipoacusia y las mascotas, se deben suspender los shows de fuegos artificiales"},"content":{"rendered":"<p style=\"text-align: justify;\">El diputado socialista Daniel Manouchehri, tras acompa\u00f1ar al alcalde de Coquimbo en el anuncio de suspensi\u00f3n de fuegos artificiales, inst\u00f3 a los municipios del pa\u00eds a no realizar espect\u00e1culos de este tipo para A\u00f1o Nuevo. Las diputadas Daniella Cicardini, Mar\u00eda Luisa Cordero y el diputado Daniel Melo, se sumaron a la presi\u00f3n por terminar con los fuegos artificiales.<\/p>\n<p style=\"text-align: justify;\">Luego de reunirse con el alcalde de Coquimbo, Al\u00ed Manouchehri, el diputado del PS apunt\u00f3 a la comuna como un referente a nivel nacional en esta materia. \u201cCoquimbo es un ejemplo de esto, su alcalde Al\u00ed desde el d\u00eda que asumi\u00f3 se comprometi\u00f3 con las personas que lo pasan mal, y cancel\u00f3 estos shows. Es un ejemplo positivo para muchos municipios, que esperamos sigan todos en Chile\u201d, destac\u00f3.<\/p>\n<p style=\"text-align: justify;\">El jefe comunal ratific\u00f3 la decisi\u00f3n de cancelar permanentemente los shows de fuegos artificiales de fin de a\u00f1o, \u201ccomo una medida de empat\u00eda hacia las personas con TEA y las mascotas. En mi gesti\u00f3n no habr\u00e1 fuegos artificiales, entendiendo que una comuna amigable es una que considera y respeta a todos. Al momento de llegar a la alcald\u00eda asum\u00ed un compromiso que he cumplido, y que estamos contentos que otros municipios est\u00e9n repitiendo\u201d.<\/p>\n<p style=\"text-align: justify;\">\u201cPor lo mismo quiero apoyar el proyecto de ley que pone fin a los shows pirot\u00e9cnicos. Se hace cargo de un problema para miles de personas que sufren con esto. En Coquimbo hemos implementado formas masivas de entretenci\u00f3n, como la Pampilla Navide\u00f1a y shows art\u00edsticos, que son una alternativa para entretener, potenciar el turismo, generar comercio, incluy\u00e9ndolos a todos\u201d, acentu\u00f3 Al\u00ed Manouchehri.<\/p>\n<p style=\"text-align: justify;\">En esa l\u00ednea Daniel Manouchehri, autor del proyecto \u201cNo m\u00e1s fuegos artificiales\u201d, inst\u00f3 a los parlamentarios de la C\u00e1mara de Diputadas y Diputados a apoyar la moci\u00f3n que cuenta con respaldo transversal de diversas bancadas.<\/p>\n<p style=\"text-align: justify;\">\u201cEmpat\u00eda. Eso nos mueve para poner fin a los shows de fuegos artificiales. Lo que para algunos es una entretenci\u00f3n, para otros es una pesadilla. Miles de personas con TEA, hipoacusia y mascotas, sufren con estos espect\u00e1culos. Por eso presentamos de manera transversal un proyecto de ley llamado #NoM\u00e1sFuegosArtificiales\u201d, se\u00f1al\u00f3 el legislador por la Regi\u00f3n de Coquimbo<\/p>\n<p style=\"text-align: justify;\">Al respecto, el parlamentario asegur\u00f3 que \u201cel pa\u00eds est\u00e1 preparado para avanzar en la discusi\u00f3n sobre la prohibici\u00f3n del uso de pirot\u00e9cnica en shows. Temas econ\u00f3micos, medioambientales, salud y protecci\u00f3n social son fundamentos de sobra\u201d.<\/p>\n<p style=\"text-align: justify;\">Junto a Daniel Manouchehri, son coautores los parlamentarios Daniel Melo, Ra\u00fal Leiva y Daniella Cicardini del Partido Socialista; Mar\u00eda Luisa Cordero de la Bancada de Renovaci\u00f3n Nacional, Andr\u00e9s Jouannet de Amarillos y Ericka \u00d1anco de Revoluci\u00f3n Democr\u00e1tica.<\/p>\n<p style=\"text-align: justify;\">El diputado del PS Daniel Melo, coautor de la iniciativa, se sum\u00f3 al emplazamiento a los municipios del pa\u00eds. \u201cHacemos un llamado a suspender los espect\u00e1culos pirot\u00e9cnicos. Es posible celebrar estas fiestas, sin discriminar y generar da\u00f1o a las personas con TEA, en especial a las y los ni\u00f1os que sufren los efectos negativos de este tipo de espect\u00e1culos\u201d, indic\u00f3.<\/p>\n<p style=\"text-align: justify;\">Asimismo, la diputada Mar\u00eda Luisa Cordero, representante de la Bancada RN, afirm\u00f3 que \u00abla pirotecnia en Chile, adem\u00e1s de tener un costo econ\u00f3mico elevado, es un acto irresponsable que debe tener normas claras y directas. Debemos prohibir su uso en cualquier tipo de eventos ya que adem\u00e1s de ser contaminantes e inseguros para el medio ambiente, tambi\u00e9n afectan a gran parte de la poblaci\u00f3n, como por ejemplo, los ni\u00f1os con TEA o las personas con hipoacusia. Es por eso que he apoyado el proyecto del diputado Manouchehri, ya que apunta a lo que Chile necesita para ser un pa\u00eds m\u00e1s emp\u00e1tico y austero\u00bb.<\/p>\n<p style=\"text-align: justify;\">Respecto al proyecto, tambi\u00e9n conocido como \u201cNo m\u00e1s pirotecnia\u201d, la diputada socialista por la Regi\u00f3n de Atacama, Daniella Cicardini, valor\u00f3 el reimpulso de este debate \u201cporque creemos que este es el momento adecuado para establecer esta prohibici\u00f3n, ya que hoy existen alternativas m\u00e1s accesibles que antes, y lo principal es que creo que en poco tiempo se ha formado m\u00e1s conciencia de la necesidad de evolucionar hacia una mayor empat\u00eda con los seres y personas que sufren por el lanzamiento de esta pirotecnia, mientras el resto se divierte y lo est\u00e1 pasando bien\u201d.<\/p>\n<p style=\"text-align: justify;\">\u201cEste es un tema que nos importa, porque el uso de fuegos artificiales tiene efectos negativos y da\u00f1inos en animales, mascotas, y por cierto tambi\u00e9n en ni\u00f1os y ni\u00f1as con TEA\u201d, enfatiz\u00f3 Cicardini.<\/p>\n","protected":false},"excerpt":{"rendered":"<p>El diputado socialista Daniel Manouchehri, tras acompa\u00f1ar al alcalde de Coquimbo en el anuncio de suspensi\u00f3n de fuegos artificiales, inst\u00f3 a los municipios del pa\u00eds a no realizar espect\u00e1culos de este tipo para A\u00f1o Nuevo. Las diputadas Daniella Cicardini, Mar\u00eda Luisa Cordero y el diputado Daniel Melo, se sumaron a<\/p>\n","protected":false},"author":1,"featured_media":2827,"comment_status":"closed","ping_status":"open","sticky":false,"template":"","format":"standard","meta":{"footnotes":""},"categories":[26,21,1],"tags":[],"class_list":["post-2826","post","type-post","status-publish","format-standard","has-post-thumbnail","hentry","category-camara-de-diputadas-y-diputados","category-municipalidades","category-noticias-regionales"],"_links":{"self":[{"href":"https:\/\/minutaregional.cl\/index.php?rest_route=\/wp\/v2\/posts\/2826","targetHints":{"allow":["GET"]}}],"collection":[{"href":"https:\/\/minutaregional.cl\/index.php?rest_route=\/wp\/v2\/posts"}],"about":[{"href":"https:\/\/minutaregional.cl\/index.php?rest_route=\/wp\/v2\/types\/post"}],"author":[{"embeddable":true,"href":"https:\/\/minutaregional.cl\/index.php?rest_route=\/wp\/v2\/users\/1"}],"replies":[{"embeddable":true,"href":"https:\/\/minutaregional.cl\/index.php?rest_route=%2Fwp%2Fv2%2Fcomments&post=2826"}],"version-history":[{"count":1,"href":"https:\/\/minutaregional.cl\/index.php?rest_route=\/wp\/v2\/posts\/2826\/revisions"}],"predecessor-version":[{"id":2828,"href":"https:\/\/minutaregional.cl\/index.php?rest_route=\/wp\/v2\/posts\/2826\/revisions\/2828"}],"wp:featuredmedia":[{"embeddable":true,"href":"https:\/\/minutaregional.cl\/index.php?rest_route=\/wp\/v2\/media\/2827"}],"wp:attachment":[{"href":"https:\/\/minutaregional.cl\/index.php?rest_route=%2Fwp%2Fv2%2Fmedia&parent=2826"}],"wp:term":[{"taxonomy":"category","embeddable":true,"href":"https:\/\/minutaregional.cl\/index.php?rest_route=%2Fwp%2Fv2%2Fcategories&post=2826"},{"taxonomy":"post_tag","embeddable":true,"href":"https:\/\/minutaregional.cl\/index.php?rest_route=%2Fwp%2Fv2%2Ftags&post=2826"}],"curies":[{"name":"wp","href":"https:\/\/api.w.org\/{rel}","templated":true}]}}