{"id":2819,"date":"2022-12-27T22:20:01","date_gmt":"2022-12-27T22:20:01","guid":{"rendered":"https:\/\/minutaregional.cl\/?p=2819"},"modified":"2022-12-27T22:20:01","modified_gmt":"2022-12-27T22:20:01","slug":"sucursal-de-banco-estado-las-companias-reabre-con-servicio-para-microempresas","status":"publish","type":"post","link":"https:\/\/minutaregional.cl\/?p=2819","title":{"rendered":"Sucursal de Banco Estado Las Compa\u00f1\u00edas  reabre con servicio para microempresas"},"content":{"rendered":"<audio class=\"wp-audio-shortcode\" id=\"audio-2819-1\" preload=\"none\" style=\"width: 100%;\" controls=\"controls\"><source type=\"audio\/mpeg\" src=\"https:\/\/minutaregional.cl\/wp-content\/uploads\/2022\/12\/SenadorNunezBcoEstado.mp3?_=1\" \/><a href=\"https:\/\/minutaregional.cl\/wp-content\/uploads\/2022\/12\/SenadorNunezBcoEstado.mp3\">https:\/\/minutaregional.cl\/wp-content\/uploads\/2022\/12\/SenadorNunezBcoEstado.mp3<\/a><\/audio>\n<p>AUDIO : Senador Daniel N\u00fa\u00f1ez<\/p>\n<ul>\n<li style=\"text-align: justify;\"><em>La entidad financiera estatal volvi\u00f3 a habilitar la sede que estuvo cerrada por m\u00e1s de dos a\u00f1os, con una mejora en infraestructura y m\u00e1s servicios.<\/em><\/li>\n<\/ul>\n<p style=\"text-align: justify;\"><em>\u00a0<\/em>\u00a0El a\u00f1o 2020 un intento de robo termin\u00f3 con un incendio en el Banco Estado de Las Compa\u00f1\u00edas en La Serena y a ra\u00edz de este siniestro el recinto estuvo cerrado durante m\u00e1s de dos a\u00f1os, hasta hace algunos d\u00edas, que retom\u00f3 funciones en una moderna edificaci\u00f3n.<\/p>\n<p style=\"text-align: justify;\">Este martes , el Senador Daniel N\u00fa\u00f1ez, junto al subgerente Regional Coquimbo del banco, Cristian Vergara, el gerente de sucursal y los concejales Ray\u00e9n Pojomovsky y Daniel Palominos; recorrieron las instalaciones que incorporaron m\u00f3dulos de atenci\u00f3n a microempresas, ampliaron a tres las cajas de atenci\u00f3n a p\u00fablico e igual n\u00famero de cajeros autom\u00e1ticos.<\/p>\n<p style=\"text-align: justify;\">Un hito muy relevante para habitantes del sector que tuvieron que viajar constantemente al centro de La Serena durante este largo receso. El Senador Daniel N\u00fa\u00f1ez plante\u00f3 que \u201ces una muy buena noticia, se cumpli\u00f3 la solicitud que le hicimos al banco de poder reabrir esta sede, en mejores condiciones, con mayor capacidad de atenci\u00f3n, mejor infraestructura, estamos muy contentos y ahora es muy importante darlo a conocer a la comunidad de Las Compa\u00f1\u00edas para sacarle provecho a esta nueva sucursal del Banco Estado\u201d.<\/p>\n<p style=\"text-align: justify;\">En tanto, el subgerente regional, Cristian Vergara, se\u00f1al\u00f3 que es estos primeros d\u00edas de funcionamiento \u201clos vecinos se sintieron felices, estuvimos el primer d\u00eda en la apertura recibiendo a los clientes y estaban sonrientes, nosotros tambi\u00e9n por el hecho de estar en un sector importante, que tiene harto desarrollo, mucho microempresario, y por eso tambi\u00e9n incorporamos a dos ejecutivos de microempresa para ir apoyando.<\/p>\n<p style=\"text-align: justify;\">Mar\u00eda Isabel Molina, quien vive en Las Compa\u00f1\u00edas, valor\u00f3 que contar de nuevo con su banco \u201ces muy bueno, porque a veces nos cuesta mucho con los tacos en la ma\u00f1ana, estamos muy agradecidos, es la segunda vez que vengo en dos d\u00edas, as\u00ed que muy bien, excelente que abrieran ac\u00e1, ojal\u00e1 que se mantenga como hasta ahora, porque est\u00e1 ordenadito y limpiecito\u201d.<\/p>\n<p style=\"text-align: justify;\">La concejala Ray\u00e9n Pojomovsky, en tanto, resalt\u00f3 la importancia de tener un polo econ\u00f3mico que descentralice la comuna. \u201cQue esta reapertura se haya logrado es un aporte, pero adem\u00e1s es necesaria para que la econom\u00eda local pueda circular como corresponde, que no tenga trabas, sino que es parte tambi\u00e9n de las obligaciones del Estado poner a disposici\u00f3n todas las herramientas para que la comunidad pueda desarrollarse de la mejor manera\u201d, agreg\u00f3 la autoridad comunal.<\/p>\n<p style=\"text-align: justify;\">Finalmente, el subgerente Vergara detall\u00f3 las mejoras en servicios, indicando que \u201ctenemos m\u00e1s capacidades, ten\u00edamos dos cajas de atenci\u00f3n al cliente, ahora tenemos tres, ten\u00edamos dos mesones, ahora tenemos capacidad para tres, hoy contamos con dos ejecutivos de personas, no ten\u00edamos ejecutivos de microempresas, ahora tenemos dos; tres cajeros autom\u00e1ticos, un cajero autom\u00e1tico que es reciclador, se carga solo, tenemos harta capacidad para tratar a los clientes como se lo merecen despu\u00e9s de un periodo de espera\u201d.<\/p>\n<p style=\"text-align: justify;\">Las autoridades y representantes de la entidad financiera hicieron el llamado a los usuarios a aprovechar los servicios que ofrece esta remodelada sucursal, como as\u00ed a la comunidad a valorar y cuidar el espacio.<\/p>\n<p style=\"text-align: justify;\">\n<p>&nbsp;<\/p>\n","protected":false},"excerpt":{"rendered":"<p>AUDIO : Senador Daniel N\u00fa\u00f1ez La entidad financiera estatal volvi\u00f3 a habilitar la sede que estuvo cerrada por m\u00e1s de dos a\u00f1os, con una mejora en infraestructura y m\u00e1s servicios. \u00a0\u00a0El a\u00f1o 2020 un intento de robo termin\u00f3 con un incendio en el Banco Estado de Las Compa\u00f1\u00edas en La<\/p>\n","protected":false},"author":1,"featured_media":2820,"comment_status":"closed","ping_status":"open","sticky":false,"template":"","format":"standard","meta":{"footnotes":""},"categories":[26],"tags":[],"class_list":["post-2819","post","type-post","status-publish","format-standard","has-post-thumbnail","hentry","category-camara-de-diputadas-y-diputados"],"_links":{"self":[{"href":"https:\/\/minutaregional.cl\/index.php?rest_route=\/wp\/v2\/posts\/2819","targetHints":{"allow":["GET"]}}],"collection":[{"href":"https:\/\/minutaregional.cl\/index.php?rest_route=\/wp\/v2\/posts"}],"about":[{"href":"https:\/\/minutaregional.cl\/index.php?rest_route=\/wp\/v2\/types\/post"}],"author":[{"embeddable":true,"href":"https:\/\/minutaregional.cl\/index.php?rest_route=\/wp\/v2\/users\/1"}],"replies":[{"embeddable":true,"href":"https:\/\/minutaregional.cl\/index.php?rest_route=%2Fwp%2Fv2%2Fcomments&post=2819"}],"version-history":[{"count":1,"href":"https:\/\/minutaregional.cl\/index.php?rest_route=\/wp\/v2\/posts\/2819\/revisions"}],"predecessor-version":[{"id":2822,"href":"https:\/\/minutaregional.cl\/index.php?rest_route=\/wp\/v2\/posts\/2819\/revisions\/2822"}],"wp:featuredmedia":[{"embeddable":true,"href":"https:\/\/minutaregional.cl\/index.php?rest_route=\/wp\/v2\/media\/2820"}],"wp:attachment":[{"href":"https:\/\/minutaregional.cl\/index.php?rest_route=%2Fwp%2Fv2%2Fmedia&parent=2819"}],"wp:term":[{"taxonomy":"category","embeddable":true,"href":"https:\/\/minutaregional.cl\/index.php?rest_route=%2Fwp%2Fv2%2Fcategories&post=2819"},{"taxonomy":"post_tag","embeddable":true,"href":"https:\/\/minutaregional.cl\/index.php?rest_route=%2Fwp%2Fv2%2Ftags&post=2819"}],"curies":[{"name":"wp","href":"https:\/\/api.w.org\/{rel}","templated":true}]}}