{"id":2815,"date":"2022-12-27T22:05:38","date_gmt":"2022-12-27T22:05:38","guid":{"rendered":"https:\/\/minutaregional.cl\/?p=2815"},"modified":"2022-12-27T22:07:16","modified_gmt":"2022-12-27T22:07:16","slug":"creaciones-nanay-cuando-la-maternidad-se-vuelve-una-oportunidad-para-emprender","status":"publish","type":"post","link":"https:\/\/minutaregional.cl\/?p=2815","title":{"rendered":"Creaciones Nanay: cuando la maternidad se vuelve una oportunidad para emprender"},"content":{"rendered":"<audio class=\"wp-audio-shortcode\" id=\"audio-2815-1\" preload=\"none\" style=\"width: 100%;\" controls=\"controls\"><source type=\"audio\/mpeg\" src=\"https:\/\/minutaregional.cl\/wp-content\/uploads\/2022\/12\/01-PFigueroaM-Nanay.mp3?_=1\" \/><a href=\"https:\/\/minutaregional.cl\/wp-content\/uploads\/2022\/12\/01-PFigueroaM-Nanay.mp3\">https:\/\/minutaregional.cl\/wp-content\/uploads\/2022\/12\/01-PFigueroaM-Nanay.mp3<\/a><\/audio>\n<p>AUDIO : Paulina Figueroa Creaciones\u00a0 Nanay<\/p>\n<ul>\n<li style=\"text-align: justify;\"><em>Esta empresa se proyecta como una de las primeras tiendas online de la Regi\u00f3n de Ays\u00e9n que se dedica a crear productos textiles \u00fatiles, con materiales de calidad, buenas terminaciones y a menor escala para beb\u00e9s, ni\u00f1os, ni\u00f1as y crianza.<\/em><\/li>\n<\/ul>\n<p style=\"text-align: justify;\"><strong>\u00a0<\/strong><strong>Coyhaique, 27 de diciembre de 2022.-<\/strong> Paulina Figueroa y Camila Rivas son dos madres que, buscando desarrollar un proyecto en com\u00fan que les posibilitara trabajar de manera independiente y compatibilizar su tiempo laboral con la crianza de sus hijos e hijas, hace casi cinco a\u00f1os dieron vida a <a href=\"https:\/\/creacionesnanay.cl\/\">Creaciones Nanay<\/a>, un emprendimiento que ofrece productos hechos a mano para beb\u00e9s, ni\u00f1os\/as y proceso de crianza, desde el nacimiento y hasta aproximadamente los 6 u 8 a\u00f1os.<\/p>\n<p style=\"text-align: justify;\">\u201cLos productos son elaborados por nosotras y tambi\u00e9n algunos complementarios que hemos ido adquiriendo. Cada uno de ellos son elaborados con telas nobles, de buena calidad, algodones ideales para los ni\u00f1os y tambi\u00e9n contamos con muchos accesorios y varias cosas que son s\u00faper \u00fatiles\u201d, indica Paulina, cofundadora de <a href=\"https:\/\/www.instagram.com\/nanaycoyhaique\/\">Creaciones Nanay<\/a>, agregando que \u201ccada producto est\u00e1 directamente relacionado con nuestro rol de madres, siendo nuestra fuente de inspiraci\u00f3n la maternidad y la crianza de nuestros hijos. Detr\u00e1s de cada producto hay un proceso de dedicaci\u00f3n, donde creamos y modificamos dise\u00f1os, seleccionamos materias primas originales y de calidad, y unimos con cari\u00f1o cada pieza para dar vida a los productos Nanay\u201d, detall\u00f3.<\/p>\n<p style=\"text-align: justify;\">Entre los productos que ofrece, se encuentran mudadores port\u00e1tiles, mantas impermeables, cojines de lactancia, absorbentes reutilizables de lactancia, porta pa\u00f1ales y toallitas, bandanas, gorros, zapatos ergon\u00f3micos de tela, juguetes sensoriales de estimulaci\u00f3n, y productos decorativos, entre otros. Tambi\u00e9n, cuentan con servicio de asesoramiento para orientar a quienes buscan hacer un regalo para beb\u00e9es\/madres\/padres y no tienen tiempo para buscar opciones de regalos.<\/p>\n<p style=\"text-align: justify;\"><strong>TIENDA F\u00cdSICA Y VIRTUAL<\/strong><\/p>\n<p style=\"text-align: justify;\">A trav\u00e9s del programa PAR de Corfo Ays\u00e9n, con foco en emprendimientos liderados por mujeres, pudieron adquirir nuevas m\u00e1quinas y ampliar sus canales de venta y difusi\u00f3n. \u201cEl programa PAR de Corfo fue un tremendo apoyo porque nosotros trabaj\u00e1bamos con m\u00e1quinas caseras y con el financiamiento pudimos industrializar nuestras m\u00e1quinas, lo que nos ha permitido hacer los procesos de producci\u00f3n un poco m\u00e1s r\u00e1pido, mejores, de mucho mejor calidad\u201d.<\/p>\n<p style=\"text-align: justify;\">Asimismo, en el \u00e1rea digital, les permiti\u00f3 abrir una p\u00e1gina web. \u201cA trav\u00e9s de nuestro sitio podemos mostrar nuestros productos, no solo a quienes viven en la regi\u00f3n, si no que tambi\u00e9n poder llegar a otras regiones del pa\u00eds. Y lo otro s\u00faper importante es que nos dio un tremendo impulso para poder abrir otro canal que es una tienda f\u00edsica. Nosotros partimos vendiendo en redes sociales, a trav\u00e9s del boca a boca, por WhatsApp, etc. Y hoy tenemos una tienda f\u00edsica donde podemos mostrar nuestros productos, la gente nos puede venir a ver, puede venir a verificar c\u00f3mo es la calidad y los productos que tenemos y eso ha sido tremendamente bueno para nosotras y para la empresa\u201d, explic\u00f3.<\/p>\n<p style=\"text-align: justify;\">Humberto Mar\u00edn Leiva, director de Corfo Ays\u00e9n, valor\u00f3 el trabajo que realizan Paulina y Camila. \u201cUno de los ejes transversales para la actual administraci\u00f3n es visibilizar el rol de las mujeres en diferentes rubros productivos y ofrecer instrumentos que respondan a sus necesidades, teniendo a la vista las inequidades, brechas y barreras que no les permiten el desarrollo en igualdad de oportunidades. Camila y Paulina forman parte de un grupo importante de mujeres que buscan equilibrar su vida familiar y laboral, ofreciendo productos que nacen de su propia experiencia en la crianza de sus hijos e hijas. Ellas han dado importantes pasos y sabemos que en carpeta tienen m\u00e1s ideas. Emprendimientos como <a href=\"https:\/\/www.facebook.com\/NanayCoyhaique2018\">Creaciones Nanay<\/a> nos permite tener m\u00e1s argumentos que sustentan nuestro inter\u00e9s en trabajar por abrir los espacios para que m\u00e1s mujeres se sumen al ecosistema emprendedor regional\u201d.<\/p>\n<p style=\"text-align: justify;\">Finalmente, Paulina hizo una invitaci\u00f3n para que m\u00e1s mujeres postulen a las iniciativas de Corfo en el territorio. \u201cSi bien, no todos sabemos c\u00f3mo generar un proyecto, c\u00f3mo elaborarlo o c\u00f3mo escribirlo, las ideas son nuestras y nosotros podemos pedir ayuda. La ayuda existe en todos lados para que t\u00fa puedas adquirir estos fondos, porque \u00bfla verdad? son un tremendo impulso para nosotros. No siempre es f\u00e1cil emprender, es s\u00faper complejo, pero si nos ofrecen las herramientas, yo les invito a que las tomen, porque eso tambi\u00e9n es s\u00faper gratificante y es un impulso para seguir creciendo\u201d, concluy\u00f3.<\/p>\n<p>&nbsp;<\/p>\n","protected":false},"excerpt":{"rendered":"<p>AUDIO : Paulina Figueroa Creaciones\u00a0 Nanay Esta empresa se proyecta como una de las primeras tiendas online de la Regi\u00f3n de Ays\u00e9n que se dedica a crear productos textiles \u00fatiles, con materiales de calidad, buenas terminaciones y a menor escala para beb\u00e9s, ni\u00f1os, ni\u00f1as y crianza. \u00a0Coyhaique, 27 de diciembre<\/p>\n","protected":false},"author":1,"featured_media":2816,"comment_status":"closed","ping_status":"open","sticky":false,"template":"","format":"standard","meta":{"footnotes":""},"categories":[20,1],"tags":[],"class_list":["post-2815","post","type-post","status-publish","format-standard","has-post-thumbnail","hentry","category-corfo","category-noticias-regionales"],"_links":{"self":[{"href":"https:\/\/minutaregional.cl\/index.php?rest_route=\/wp\/v2\/posts\/2815","targetHints":{"allow":["GET"]}}],"collection":[{"href":"https:\/\/minutaregional.cl\/index.php?rest_route=\/wp\/v2\/posts"}],"about":[{"href":"https:\/\/minutaregional.cl\/index.php?rest_route=\/wp\/v2\/types\/post"}],"author":[{"embeddable":true,"href":"https:\/\/minutaregional.cl\/index.php?rest_route=\/wp\/v2\/users\/1"}],"replies":[{"embeddable":true,"href":"https:\/\/minutaregional.cl\/index.php?rest_route=%2Fwp%2Fv2%2Fcomments&post=2815"}],"version-history":[{"count":1,"href":"https:\/\/minutaregional.cl\/index.php?rest_route=\/wp\/v2\/posts\/2815\/revisions"}],"predecessor-version":[{"id":2818,"href":"https:\/\/minutaregional.cl\/index.php?rest_route=\/wp\/v2\/posts\/2815\/revisions\/2818"}],"wp:featuredmedia":[{"embeddable":true,"href":"https:\/\/minutaregional.cl\/index.php?rest_route=\/wp\/v2\/media\/2816"}],"wp:attachment":[{"href":"https:\/\/minutaregional.cl\/index.php?rest_route=%2Fwp%2Fv2%2Fmedia&parent=2815"}],"wp:term":[{"taxonomy":"category","embeddable":true,"href":"https:\/\/minutaregional.cl\/index.php?rest_route=%2Fwp%2Fv2%2Fcategories&post=2815"},{"taxonomy":"post_tag","embeddable":true,"href":"https:\/\/minutaregional.cl\/index.php?rest_route=%2Fwp%2Fv2%2Ftags&post=2815"}],"curies":[{"name":"wp","href":"https:\/\/api.w.org\/{rel}","templated":true}]}}