{"id":2804,"date":"2022-12-26T23:16:31","date_gmt":"2022-12-26T23:16:31","guid":{"rendered":"https:\/\/minutaregional.cl\/?p=2804"},"modified":"2022-12-26T23:16:31","modified_gmt":"2022-12-26T23:16:31","slug":"lanzan-11-proyectos-habitacionales-con-integracion-social-en-la-region-de-coquimbo","status":"publish","type":"post","link":"https:\/\/minutaregional.cl\/?p=2804","title":{"rendered":"Lanzan 11 proyectos habitacionales con Integraci\u00f3n Social en la regi\u00f3n de Coquimbo"},"content":{"rendered":"<ul>\n<li style=\"text-align: justify;\"><strong><em>La selecci\u00f3n 2022 del Subsidio DS19 contempla la construcci\u00f3n de 2.277 viviendas en La Serena, Coquimbo y Ovalle. Una inversi\u00f3n del MINVU superior a los 49 mil millones de pesos que generar\u00eda empleo a m\u00e1s de 5 mil trabajadores en la regi\u00f3n.<\/em><\/strong><\/li>\n<\/ul>\n<p style=\"text-align: justify;\">En el terreno donde se comenzar\u00e1 a construir el proyecto habitacional Los Clarines X de Inmobiliaria PY en Coquimbo, se realiz\u00f3 el lanzamiento de la selecci\u00f3n de proyectos habitacionales del Programa de Integraci\u00f3n Social y Territorial del Ministerio de Vivienda y Urbanismo, conocido como Subsidio DS19.<\/p>\n<p style=\"text-align: justify;\">En total fueron 11 los proyectos seleccionados, siendo 7 en Coquimbo, 3 en La Serena y 1 en Ovalle, que en total completan 2.277 soluciones habitacionales, siendo 577 unidades para familias de menores ingresos.<\/p>\n<p style=\"text-align: justify;\">Estos 11 proyectos seleccionados generar\u00e1n una inversi\u00f3n cercana a los 49 mil millones de pesos por parte del Minvu, o sea un poco m\u00e1s de 56 millones de d\u00f3lares. Para comparar la inversi\u00f3n es 1,1 veces la meta de la Telet\u00f3n 2022, solo para la regi\u00f3n de Coquimbo.<\/p>\n<p style=\"text-align: justify;\">El lanzamiento encabezado por el Delegado Presidencial Regional (s), Galo Luna, el Seremi de Vivienda y Urbanismo, Jos\u00e9 Manuel Peralta y la Directora (s) de Serviu Regional, Ver\u00f3nica Ibacache, cont\u00f3 con la presencia de Claudia Castillo, Jefa de Departamento de Gesti\u00f3n Habitacional del Ministerio de Vivienda, el alcalde de Coquimbo, Al\u00ed Manouchehri, el Presidente de la C\u00e1mara Chilena de la Construcci\u00f3n La Serena, los Seremis de Bienes Nacionales, Marcelo Salazar y Vocero de Gobierno, Fernando Viveros, adem\u00e1s del diputado Daniel Manouchehri.<\/p>\n<p style=\"text-align: justify;\">Para el Delegado Presidencial Regional (s), Galo Luna, con esta selecci\u00f3n<strong> \u201cse hace una inversi\u00f3n enorme de m\u00e1s de 49 mil millones que permitir\u00e1n no solo dar dignidad a las familias, sino que tambi\u00e9n generar integraci\u00f3n porque es un proyecto de las distintas soluciones habitacionales m\u00e1s de 500 son para familias vulnerables. Aqu\u00ed vimos un dise\u00f1o amigable, con \u00e1reas verdes, apuntan a lo que promovemos como Gobierno. El presidente Gabriel Boric se ha tomado esto como una emergencia habitacional, tambi\u00e9n lo ha hecho el ministro Montes y eso se ve reflejado en estas distintas viviendas que vemos que avanzan en este llamado para Coquimbo, La Serena y Ovalle\u201d.<\/strong><\/p>\n<p style=\"text-align: justify;\">Mientras que, para Claudia Castillo, Jefa del Departamento de Gesti\u00f3n Habitacional del Minvu, el lanzamiento de la selecci\u00f3n 2022 de los proyectos DS19 en la regi\u00f3n de Coquimbo es importante ya que es una regi\u00f3n con un alto d\u00e9ficit habitacional donde se necesita seguir trabajando duro en el cumplimiento de metas en el Plan de Emergencia Habitacional.<\/p>\n<p style=\"text-align: justify;\"><strong>\u201cPara el Ministerio es muy relevante el resultado que hubo en la regi\u00f3n de este llamado. Hubo 2.277 viviendas seleccionadas en 11 proyectos, 7 en la comuna de Coquimbo. Para nosotros es un muy buen resultado y estamos muy contentos porque este programa de Integraci\u00f3n representa un desaf\u00edo muy grande para las inmobiliarias y constructoras, para el Estado y provee de una cantidad importante de viviendas para atender el d\u00e9ficit habitacional en el marco del Plan de Emergencia Habitacional que se est\u00e1 desarrollando y est\u00e1 siendo impulsado por nuestro Ministro Carlos Montes y la Subsecretaria Tatiana Rojas, as\u00ed que en la regi\u00f3n ha tenido un resultado relevante que a nosotros nos interesa destacar y mostrar al resto del pa\u00eds\u201d<\/strong>, afirm\u00f3 la funcionaria del Ministerio de Vivienda.<\/p>\n<p style=\"text-align: justify;\">Noticias positivas especialmente para la comuna de Coquimbo, que fue seleccionada con 7 de los 11 proyectos de integraci\u00f3n, debido a que es la comuna con mayor d\u00e9ficit habitacional de la regi\u00f3n.<\/p>\n<p style=\"text-align: justify;\">Es por eso que el alcalde Ali Manouchehri destac\u00f3 que <strong>\u201cnosotros estamos muy contentos, la verdad es que el d\u00e9ficit habitacional acarrea un sinf\u00edn de problemas que muchas veces el canal de trabajo lo tienen los municipios. Hicimos el llamado en su momento al presidente Gabriel Boric, al ministro Carlos Montes, por supuesto representado por nuestro Seremi Jos\u00e9 Manuel Peralta ac\u00e1 en la regi\u00f3n, de un llamado de auxilio. Y ese llamado que fue escuchado y estamos muy contentos porque ese Plan de Emergencia Habitacional lleva a cabo el Gobierno ha incluido de gran manera a Coquimbo y que sin lugar a dudas hay un v\u00ednculo potente que se est\u00e1 trabajando junto a la C\u00e1mara Chilena de la Construcci\u00f3n, el Ministerio de Vivienda, el Municipio en el que las soluciones habitacionales ya no pasan a ser solo un sue\u00f1o o anhelo de los cientos de comit\u00e9s de vivienda sino que tambi\u00e9n pasa a ser una realidad en el que se est\u00e1 trabajando y desarrollando est\u00e1 pol\u00edtica y que beneficia a miles de coquimbanos y coquimbanas\u201d<\/strong>.<\/p>\n<p style=\"text-align: justify;\">Inversiones que van en directo beneficio de las familias de la regi\u00f3n y tambi\u00e9n al rubro de la construcci\u00f3n, ya que la inversi\u00f3n de m\u00e1s de 49 mil millones de pesos impacta positivamente en el rubro y tambi\u00e9n en la empleabilidad, generando una proyecci\u00f3n de empleo mensual de 600 trabajadores y trabajadoras durante 2 a 3 a\u00f1os. O sea, m\u00e1s de 5 mil trabajadores en la ejecuci\u00f3n de estos 11 proyectos habitacionales.<\/p>\n<p style=\"text-align: justify;\"><strong>\u201cMuy contentos de estar en Coquimbo junto a los trabajadores y al Gobierno representado por el Delegado y el Seremi, y el alcalde Manouchehri, echando a andar este proyecto. Es uno de los 11 proyectos del DS19 que se ganaron en la regi\u00f3n para dar empleo a m\u00e1s de 5 mil trabajadores y el modelo de desarrollo de vivienda de barrios integrados, lo cual para nosotros como C\u00e1mara Chilena de la Construcci\u00f3n es s\u00faper relevante y la verdad que muy contento de la forma que se est\u00e1 haciendo. Y contento de estar en Coquimbo que tiene un d\u00e9ficit como regi\u00f3n de m\u00e1s de 20 mil viviendas y con esto vamos a de a poco alcanzando a ese d\u00e9ficit y entregando viviendas dignas junto a trabajo digno\u201d<\/strong>, afirm\u00f3 el Presidente de la CChC La Serena.<\/p>\n<p style=\"text-align: justify;\">En tanto, el Seremi de Vivienda y Urbanismo, Jos\u00e9 Manuel Peralta, destac\u00f3 los incrementos en este subsidio DS19 ya que en un principio iban a ser aproximadamente 800 viviendas para la regi\u00f3n, pero dada la demanda se gestion\u00f3 para llegar a 2.277 soluciones habitacionales.<\/p>\n<p style=\"text-align: justify;\"><strong>\u201cHoy estamos entregando buenas noticias de que el llamado de integraci\u00f3n social se adelant\u00f3 para el mes de enero y abril de 2023, lo que permitir\u00e1 aumentar a\u00fan m\u00e1s nuestro volumen de soluciones habitacionales en toda la regi\u00f3n. Y en Coquimbo en el llamado 2022 son 1.414 soluciones habitacionales. Es la comuna en Chile fuera de Santiago que captur\u00f3 m\u00e1s subsidios en este programa \u00bfpor qu\u00e9? Porque el d\u00e9ficit de Coquimbo es gigantesco y el llamado del presidente Boric es cumplir con el compromiso donde est\u00e1 el d\u00e9ficit. As\u00ed que estamos contentos en que estamos en plena marcha del Plan de Emergencia Habitacional y en la regi\u00f3n de Coquimbo vamos a cumplir con el compromiso del Presidente\u201d<\/strong>, cerr\u00f3 el Seremi de Vivienda.<\/p>\n<p style=\"text-align: justify;\">\n<p>&nbsp;<\/p>\n<p>&nbsp;<\/p>\n","protected":false},"excerpt":{"rendered":"<p>La selecci\u00f3n 2022 del Subsidio DS19 contempla la construcci\u00f3n de 2.277 viviendas en La Serena, Coquimbo y Ovalle. Una inversi\u00f3n del MINVU superior a los 49 mil millones de pesos que generar\u00eda empleo a m\u00e1s de 5 mil trabajadores en la regi\u00f3n. En el terreno donde se comenzar\u00e1 a construir<\/p>\n","protected":false},"author":1,"featured_media":2805,"comment_status":"closed","ping_status":"open","sticky":false,"template":"","format":"standard","meta":{"footnotes":""},"categories":[1],"tags":[],"class_list":["post-2804","post","type-post","status-publish","format-standard","has-post-thumbnail","hentry","category-noticias-regionales"],"_links":{"self":[{"href":"https:\/\/minutaregional.cl\/index.php?rest_route=\/wp\/v2\/posts\/2804","targetHints":{"allow":["GET"]}}],"collection":[{"href":"https:\/\/minutaregional.cl\/index.php?rest_route=\/wp\/v2\/posts"}],"about":[{"href":"https:\/\/minutaregional.cl\/index.php?rest_route=\/wp\/v2\/types\/post"}],"author":[{"embeddable":true,"href":"https:\/\/minutaregional.cl\/index.php?rest_route=\/wp\/v2\/users\/1"}],"replies":[{"embeddable":true,"href":"https:\/\/minutaregional.cl\/index.php?rest_route=%2Fwp%2Fv2%2Fcomments&post=2804"}],"version-history":[{"count":1,"href":"https:\/\/minutaregional.cl\/index.php?rest_route=\/wp\/v2\/posts\/2804\/revisions"}],"predecessor-version":[{"id":2806,"href":"https:\/\/minutaregional.cl\/index.php?rest_route=\/wp\/v2\/posts\/2804\/revisions\/2806"}],"wp:featuredmedia":[{"embeddable":true,"href":"https:\/\/minutaregional.cl\/index.php?rest_route=\/wp\/v2\/media\/2805"}],"wp:attachment":[{"href":"https:\/\/minutaregional.cl\/index.php?rest_route=%2Fwp%2Fv2%2Fmedia&parent=2804"}],"wp:term":[{"taxonomy":"category","embeddable":true,"href":"https:\/\/minutaregional.cl\/index.php?rest_route=%2Fwp%2Fv2%2Fcategories&post=2804"},{"taxonomy":"post_tag","embeddable":true,"href":"https:\/\/minutaregional.cl\/index.php?rest_route=%2Fwp%2Fv2%2Ftags&post=2804"}],"curies":[{"name":"wp","href":"https:\/\/api.w.org\/{rel}","templated":true}]}}