{"id":2792,"date":"2022-12-23T00:00:55","date_gmt":"2022-12-23T00:00:55","guid":{"rendered":"https:\/\/minutaregional.cl\/?p=2792"},"modified":"2022-12-23T00:00:55","modified_gmt":"2022-12-23T00:00:55","slug":"piscos-y-vinos-de-la-region-buscan-abrirse-paso-en-competitivo-mercado-de-suecia-y-paises-nordicos","status":"publish","type":"post","link":"https:\/\/minutaregional.cl\/?p=2792","title":{"rendered":"Piscos y vinos de la regi\u00f3n buscan abrirse paso en competitivo mercado de Suecia y pa\u00edses n\u00f3rdicos"},"content":{"rendered":"<p style=\"text-align: justify;\"><strong><em>Con el apoyo del programa de Capacitaci\u00f3n Internacional que desarrolla ProChile Coquimbo en zonas rezagadas, diversas marcas representativas de este territorio participaron de una exhibici\u00f3n en Estocolmo en la que expertos conocieron la oferta local. <\/em><\/strong><\/p>\n<p style=\"text-align: justify;\">Diversas marcas de vinos y piscos, representativas del territorio de zonas rezagadas, participaron de una exhibici\u00f3n realizada en la embajada de Chile en Suecia, a la que fueron invitados expertos de los pa\u00edses n\u00f3rdicos para que pudieran conocer la oferta local.<\/p>\n<p style=\"text-align: justify;\">La actividad de promoci\u00f3n se realiz\u00f3 en el marco del proyecto de Capacitaci\u00f3n Internacional que desarrolla ProChile Coquimbo en estas cuatro comunas, a trav\u00e9s del Programa de Gesti\u00f3n Territorial de Zonas Rezagadas, que cuenta con financiamiento del Gobierno Regional.<\/p>\n<p style=\"text-align: justify;\">Paola V\u00e1squez, directora regional de la entidad, cuenta que la iniciativa surgi\u00f3 tras la visita que realiz\u00f3 Catalin Butnariu, director comercial de ProChile en la oficina de Suecia y pa\u00edses n\u00f3rdicos a la regi\u00f3n en el mes de octubre, quien visit\u00f3 a algunos productores y, dada la alta calidad de los productos, propuso poder llevar las marcas locales.<\/p>\n<p style=\"text-align: justify;\">\u201cCon posterioridad se realiz\u00f3 una convocatoria y se enviaron muestras de productos para organizar este evento que tiene por finalidad que se visualicen los productos de este territorio en esos pa\u00edses, como un primer paso para luego ver opciones para su exportaci\u00f3n\u201d, precis\u00f3 la autoridad.<\/p>\n<p style=\"text-align: justify;\">El evento realizado en Estocolmo inici\u00f3 con una muestra art\u00edstica de cueca y cont\u00f3 con la presencia de autoridades locales. Catalin Butnariu se\u00f1ala que \u201cse presentaron varias marcas de pisco artesanal y vinos de autor. Dentro de los invitados participaron conocidos importadores y clubes de vino de Suecia, Noruega y Finlandia, quienes mostraron varios niveles de inter\u00e9s en los productos de la Regi\u00f3n de Coquimbo\u201d.<\/p>\n<p style=\"text-align: justify;\">El profesional de la oficina comercial de Suecia explica que, dado la ley de monopolio estatal de venta de alcohol en los pa\u00edses n\u00f3rdicos, la din\u00e1mica de este tipo de negocios es diferente del resto de Europa \u201cpero se espera seguir con los pr\u00f3ximos pasos para entrar en estos mercados a trav\u00e9s de los importadores presentes\u201d.<\/p>\n<p style=\"text-align: justify;\">Cabe destacar que este mercado mantiene una alta demanda por este tipo de oferta y existen diversos clubes de expertos que sondean productos de alta gama en todo el mundo, por lo cual se convierte en un atractivo polo de comercio exterior para nuestros productores locales.<\/p>\n<p style=\"text-align: justify;\">Rodrigo Guti\u00e9rrez, coordinador regional del programa de Zonas Rezagadas, manifest\u00f3 que actividades como esta abren amplias opciones para los productores de la zona \u201cque tienen la posibilidad de ir a mostrar sus productos a un mercado tan competitivo como \u00e9ste y, por qu\u00e9 no, llegar a exportar, lo que nos parece tremendamente relevante, que puedan expandir sus horizontes\u201d.<\/p>\n<p style=\"text-align: justify;\"><strong>Gestiones posteriores<\/strong><\/p>\n<p style=\"text-align: justify;\">La directora regional de ProChile, Paola V\u00e1squez, se\u00f1ala que durante los d\u00edas posteriores al evento se han sostenido reuniones entre los participantes y profesionales de las Oficinas en Suecia y la Regi\u00f3n de Coquimbo. \u201cEl objetivo ha sido entregar retroalimentaci\u00f3n a los empresarios participantes de los comentarios y requerimientos del mercado, para dar continuidad a las relaciones comerciales iniciadas y esperamos que se puedan lograr resultados en el corto plazo\u201d, precis\u00f3.<\/p>\n<p>&nbsp;<\/p>\n","protected":false},"excerpt":{"rendered":"<p>Con el apoyo del programa de Capacitaci\u00f3n Internacional que desarrolla ProChile Coquimbo en zonas rezagadas, diversas marcas representativas de este territorio participaron de una exhibici\u00f3n en Estocolmo en la que expertos conocieron la oferta local. Diversas marcas de vinos y piscos, representativas del territorio de zonas rezagadas, participaron de una<\/p>\n","protected":false},"author":1,"featured_media":2793,"comment_status":"closed","ping_status":"open","sticky":false,"template":"","format":"standard","meta":{"footnotes":""},"categories":[1],"tags":[],"class_list":["post-2792","post","type-post","status-publish","format-standard","has-post-thumbnail","hentry","category-noticias-regionales"],"_links":{"self":[{"href":"https:\/\/minutaregional.cl\/index.php?rest_route=\/wp\/v2\/posts\/2792","targetHints":{"allow":["GET"]}}],"collection":[{"href":"https:\/\/minutaregional.cl\/index.php?rest_route=\/wp\/v2\/posts"}],"about":[{"href":"https:\/\/minutaregional.cl\/index.php?rest_route=\/wp\/v2\/types\/post"}],"author":[{"embeddable":true,"href":"https:\/\/minutaregional.cl\/index.php?rest_route=\/wp\/v2\/users\/1"}],"replies":[{"embeddable":true,"href":"https:\/\/minutaregional.cl\/index.php?rest_route=%2Fwp%2Fv2%2Fcomments&post=2792"}],"version-history":[{"count":1,"href":"https:\/\/minutaregional.cl\/index.php?rest_route=\/wp\/v2\/posts\/2792\/revisions"}],"predecessor-version":[{"id":2794,"href":"https:\/\/minutaregional.cl\/index.php?rest_route=\/wp\/v2\/posts\/2792\/revisions\/2794"}],"wp:featuredmedia":[{"embeddable":true,"href":"https:\/\/minutaregional.cl\/index.php?rest_route=\/wp\/v2\/media\/2793"}],"wp:attachment":[{"href":"https:\/\/minutaregional.cl\/index.php?rest_route=%2Fwp%2Fv2%2Fmedia&parent=2792"}],"wp:term":[{"taxonomy":"category","embeddable":true,"href":"https:\/\/minutaregional.cl\/index.php?rest_route=%2Fwp%2Fv2%2Fcategories&post=2792"},{"taxonomy":"post_tag","embeddable":true,"href":"https:\/\/minutaregional.cl\/index.php?rest_route=%2Fwp%2Fv2%2Ftags&post=2792"}],"curies":[{"name":"wp","href":"https:\/\/api.w.org\/{rel}","templated":true}]}}