{"id":2789,"date":"2022-12-22T23:47:35","date_gmt":"2022-12-22T23:47:35","guid":{"rendered":"https:\/\/minutaregional.cl\/?p=2789"},"modified":"2022-12-22T23:47:35","modified_gmt":"2022-12-22T23:47:35","slug":"aguas-del-valle-renovara-190-metros-de-la-red-de-agua-potable-en-sector-callejon-el-consuelo-de-salamanca","status":"publish","type":"post","link":"https:\/\/minutaregional.cl\/?p=2789","title":{"rendered":"Aguas del Valle renovar\u00e1 190 metros de la red de agua potable en sector Callej\u00f3n El Consuelo de Salamanca"},"content":{"rendered":"<ul>\n<li style=\"text-align: justify;\">Las obras tienen una inversi\u00f3n que supera los $50 millones y permitir\u00e1n optimizar el servicio en la comuna minimizando la posibilidad de roturas o filtraciones en la red.<\/li>\n<\/ul>\n<p style=\"text-align: justify;\"><strong>Salamanca, 22 de diciembre de 2022.<\/strong> Aguas del Valle inform\u00f3 que renovar\u00e1 190 metros de redes de agua potable en el sector El Consuelo de Salamanca, con una inversi\u00f3n que supera los $50 millones y beneficiar\u00e1 a 51 hogares.<\/p>\n<p style=\"text-align: justify;\">El subgerente zonal de Aguas del Valle, Alejandro Salazar, detall\u00f3 que \u201cestos trabajos son muy importantes, porque nos permitir\u00e1n optimizar nuestras redes de distribuci\u00f3n, minimizando la posibilidad de que se generen roturas o filtraciones en la red, asegurando la continuidad y calidad de nuestro servicio en la comuna\u201d.<\/p>\n<p style=\"text-align: justify;\">El presidente de la Junta de Vecinos de El Consuelo, Humberto Villalobos, dijo que \u201cestas obras son un gran beneficio para quienes vivimos en el sector. Para el desarrollo de los trabajos nos coordinamos bien con la empresa y se estableci\u00f3 un trayecto alternativo para los camiones que entregan agua y los que retiran la basura\u201d, sostuvo.<\/p>\n<p style=\"text-align: justify;\"><strong>Detalles de las obras<\/strong><\/p>\n<p style=\"text-align: justify;\">Los trabajos se desarrollar\u00e1n entre el 20 de diciembre y el 6 de enero de 2023, y consideran la renovaci\u00f3n de un tramo entre calle El Consuelo, desde el callej\u00f3n El Consuelo hasta la planta de Aguas del Valle ubicada en la misma arteria.<\/p>\n<p style=\"text-align: justify;\">La sanitaria detall\u00f3 que ya se coordinaron los desv\u00edos de tr\u00e1nsito para el buen desarrollo de las obras. Se utilizar\u00e1 media calzada de la v\u00eda, la que quedar\u00e1 habilitada para los veh\u00edculos livianos, mientras que para aquellos de mayor tama\u00f1o se dispuso una alternativa de desplazamiento, que estar\u00e1 debidamente se\u00f1alizada.<\/p>\n<p style=\"text-align: justify;\">La informaci\u00f3n en detalle de los trabajos y sus beneficios fue comunicada a los vecinos del sector a trav\u00e9s de la entrega de un volante. Adem\u00e1s, se realizaron las coordinaciones con las autoridades pertinentes y la comunidad.<\/p>\n<p style=\"text-align: justify;\">Aguas del Valle recuerda que el Fono Servicio 600 400 4444 y tambi\u00e9n la cuenta de Twitter @AguasdelValle est\u00e1n a disposici\u00f3n para atender consultas.<\/p>\n","protected":false},"excerpt":{"rendered":"<p>Las obras tienen una inversi\u00f3n que supera los $50 millones y permitir\u00e1n optimizar el servicio en la comuna minimizando la posibilidad de roturas o filtraciones en la red. Salamanca, 22 de diciembre de 2022. Aguas del Valle inform\u00f3 que renovar\u00e1 190 metros de redes de agua potable en el sector<\/p>\n","protected":false},"author":1,"featured_media":2790,"comment_status":"closed","ping_status":"open","sticky":false,"template":"","format":"standard","meta":{"footnotes":""},"categories":[45,1],"tags":[],"class_list":["post-2789","post","type-post","status-publish","format-standard","has-post-thumbnail","hentry","category-aguas-del-valle","category-noticias-regionales"],"_links":{"self":[{"href":"https:\/\/minutaregional.cl\/index.php?rest_route=\/wp\/v2\/posts\/2789","targetHints":{"allow":["GET"]}}],"collection":[{"href":"https:\/\/minutaregional.cl\/index.php?rest_route=\/wp\/v2\/posts"}],"about":[{"href":"https:\/\/minutaregional.cl\/index.php?rest_route=\/wp\/v2\/types\/post"}],"author":[{"embeddable":true,"href":"https:\/\/minutaregional.cl\/index.php?rest_route=\/wp\/v2\/users\/1"}],"replies":[{"embeddable":true,"href":"https:\/\/minutaregional.cl\/index.php?rest_route=%2Fwp%2Fv2%2Fcomments&post=2789"}],"version-history":[{"count":1,"href":"https:\/\/minutaregional.cl\/index.php?rest_route=\/wp\/v2\/posts\/2789\/revisions"}],"predecessor-version":[{"id":2791,"href":"https:\/\/minutaregional.cl\/index.php?rest_route=\/wp\/v2\/posts\/2789\/revisions\/2791"}],"wp:featuredmedia":[{"embeddable":true,"href":"https:\/\/minutaregional.cl\/index.php?rest_route=\/wp\/v2\/media\/2790"}],"wp:attachment":[{"href":"https:\/\/minutaregional.cl\/index.php?rest_route=%2Fwp%2Fv2%2Fmedia&parent=2789"}],"wp:term":[{"taxonomy":"category","embeddable":true,"href":"https:\/\/minutaregional.cl\/index.php?rest_route=%2Fwp%2Fv2%2Fcategories&post=2789"},{"taxonomy":"post_tag","embeddable":true,"href":"https:\/\/minutaregional.cl\/index.php?rest_route=%2Fwp%2Fv2%2Ftags&post=2789"}],"curies":[{"name":"wp","href":"https:\/\/api.w.org\/{rel}","templated":true}]}}