{"id":2758,"date":"2022-12-20T20:16:19","date_gmt":"2022-12-20T20:16:19","guid":{"rendered":"https:\/\/minutaregional.cl\/?p=2758"},"modified":"2022-12-20T20:16:19","modified_gmt":"2022-12-20T20:16:19","slug":"diputado-manouchehri-queremos-investigar-y-frenar-los-abusos-de-la-polar-contra-la-gente","status":"publish","type":"post","link":"https:\/\/minutaregional.cl\/?p=2758","title":{"rendered":"Diputado Manouchehri: \u201cQueremos investigar y frenar los abusos de La Polar contra la gente\u201d"},"content":{"rendered":"<p style=\"text-align: justify;\">La C\u00e1mara de Diputadas y Diputados aprob\u00f3 la solicitud de 68 parlamentarios de iniciar una Comisi\u00f3n Investigadora, con el fin de abordar posibles fraudes y contrabandos por parte de la multitienda La Polar. \u201cEsta ser\u00e1 una instancia para que se pueda transparentar y se pueda investigar todos estos hechos que a la luz p\u00fablica constituyen un esc\u00e1ndalo que golpea a millones y millones de consumidores\u201d, indic\u00f3 el diputado socialista Daniel Manouchehri, impulsor de la instancia.<\/p>\n<p style=\"text-align: justify;\">El diputado de la Regi\u00f3n de Coquimbo destac\u00f3 que \u201ces una buena noticia. Esta ser\u00e1 una instancia para conocer las distintas posiciones que han existido al respecto, las investigaciones que se est\u00e1 llevando a cabo, los antecedentes que tiene la Aduana que se ha querellado por contrabando y el Sernac que ha interpuesto una demanda colectiva\u201d.<\/p>\n<p style=\"text-align: justify;\">\u201cLa Polar ha mentido a los chilenos, con campa\u00f1as de marketing falaces. Pareciera que Multitiendas La Polar cree que los chilenos son bobos. Hoy d\u00eda los chilenos no saben si la ropa que compraron en La Polar es falsificada, de saldos o simplemente no es lo que le est\u00e1n vendiendo\u201d, critic\u00f3.<\/p>\n<p style=\"text-align: justify;\">Al respecto, el diputado del PS Daniel Melo agreg\u00f3 que la aprobaci\u00f3n de esta comisi\u00f3n da \u201cuna se\u00f1al clara a la ciudadan\u00eda que estamos de parte de la defensa de los derechos de los consumidores\u201d.<\/p>\n<p style=\"text-align: justify;\">\u201cTenemos que poner una verdadera muralla a este tipo de malas pr\u00e1cticas. Ayer constatamos c\u00f3mo La Polar tiene toda una pol\u00edtica para poder lavar su imagen p\u00fablica en relaci\u00f3n a los productos que venden\u201d, se\u00f1al\u00f3 el legislador de la Regi\u00f3n Metropolitana.<\/p>\n<p style=\"text-align: justify;\">En los pr\u00f3ximos d\u00edas, las bancadas designar\u00e1n a los 13 integrantes de la comisi\u00f3n. Probablemente durante enero, la instancia iniciar\u00e1 su labor fiscalizadora citando a las instituciones pertinentes que dependan del Estado.<\/p>\n<p style=\"text-align: justify;\">En esa l\u00ednea, el diputado socialista Leonardo Soto inst\u00f3 a que \u201ctiene que haber mano dura contra las empresas que abusan de sus clientes. Ellos en el pasado fueron condenados por falsificar repactaciones y enga\u00f1ar al mercado de capitales, y hoy d\u00eda esta generaci\u00f3n de legisladores no vamos a permitir que se naturalice el enga\u00f1o a millones y millones de clientes. Se acab\u00f3 el chipe libre para La Polar\u201d, cerr\u00f3.<\/p>\n","protected":false},"excerpt":{"rendered":"<p>La C\u00e1mara de Diputadas y Diputados aprob\u00f3 la solicitud de 68 parlamentarios de iniciar una Comisi\u00f3n Investigadora, con el fin de abordar posibles fraudes y contrabandos por parte de la multitienda La Polar. \u201cEsta ser\u00e1 una instancia para que se pueda transparentar y se pueda investigar todos estos hechos que<\/p>\n","protected":false},"author":1,"featured_media":2759,"comment_status":"closed","ping_status":"open","sticky":false,"template":"","format":"standard","meta":{"footnotes":""},"categories":[26],"tags":[],"class_list":["post-2758","post","type-post","status-publish","format-standard","has-post-thumbnail","hentry","category-camara-de-diputadas-y-diputados"],"_links":{"self":[{"href":"https:\/\/minutaregional.cl\/index.php?rest_route=\/wp\/v2\/posts\/2758","targetHints":{"allow":["GET"]}}],"collection":[{"href":"https:\/\/minutaregional.cl\/index.php?rest_route=\/wp\/v2\/posts"}],"about":[{"href":"https:\/\/minutaregional.cl\/index.php?rest_route=\/wp\/v2\/types\/post"}],"author":[{"embeddable":true,"href":"https:\/\/minutaregional.cl\/index.php?rest_route=\/wp\/v2\/users\/1"}],"replies":[{"embeddable":true,"href":"https:\/\/minutaregional.cl\/index.php?rest_route=%2Fwp%2Fv2%2Fcomments&post=2758"}],"version-history":[{"count":1,"href":"https:\/\/minutaregional.cl\/index.php?rest_route=\/wp\/v2\/posts\/2758\/revisions"}],"predecessor-version":[{"id":2760,"href":"https:\/\/minutaregional.cl\/index.php?rest_route=\/wp\/v2\/posts\/2758\/revisions\/2760"}],"wp:featuredmedia":[{"embeddable":true,"href":"https:\/\/minutaregional.cl\/index.php?rest_route=\/wp\/v2\/media\/2759"}],"wp:attachment":[{"href":"https:\/\/minutaregional.cl\/index.php?rest_route=%2Fwp%2Fv2%2Fmedia&parent=2758"}],"wp:term":[{"taxonomy":"category","embeddable":true,"href":"https:\/\/minutaregional.cl\/index.php?rest_route=%2Fwp%2Fv2%2Fcategories&post=2758"},{"taxonomy":"post_tag","embeddable":true,"href":"https:\/\/minutaregional.cl\/index.php?rest_route=%2Fwp%2Fv2%2Ftags&post=2758"}],"curies":[{"name":"wp","href":"https:\/\/api.w.org\/{rel}","templated":true}]}}