{"id":2756,"date":"2022-12-20T19:47:09","date_gmt":"2022-12-20T19:47:09","guid":{"rendered":"https:\/\/minutaregional.cl\/?p=2756"},"modified":"2022-12-20T19:47:09","modified_gmt":"2022-12-20T19:47:09","slug":"no-mas-fuegos-artificiales-diputado-manouchehri-presenta-iniciativa-en-beneficio-de-personas-tea-y-animales","status":"publish","type":"post","link":"https:\/\/minutaregional.cl\/?p=2756","title":{"rendered":"\u201cNo m\u00e1s fuegos artificiales\u201d: Diputado Manouchehri presenta iniciativa en beneficio de personas TEA y animales"},"content":{"rendered":"<p style=\"text-align: justify;\"><strong><em>\u201c<\/em><\/strong><strong><em>Sabemos que los fuegos artificiales son un lindo espect\u00e1culo para algunos, pero una verdadera pesadilla para otras personas\u201d, destac\u00f3 el socialista Daniel Manouchehri.<\/em><\/strong><\/p>\n<p style=\"text-align: justify;\"><strong>\u00a0<\/strong>Un grupo de diputadas y diputados de diversas bancadas anunci\u00f3 la presentaci\u00f3n del proyecto \u201cNo m\u00e1s fuegos artificiales\u201d. La iniciativa cuenta con el respaldo transversal de diversas bancadas de la C\u00e1mara de Diputados, y proh\u00edbe la realizaci\u00f3n de espect\u00e1culos pirot\u00e9cnicos y el uso de pirotecnia en eventos masivos, como las celebraciones de A\u00f1o Nuevo y otras.<\/p>\n<p style=\"text-align: justify;\">El diputado socialista Daniel Manouchehri, autor de la iniciativa tambi\u00e9n conocida como \u201cNo m\u00e1s pirotecnia\u201d, destac\u00f3 que \u201chemos presentado este proyecto por empat\u00eda hacia las personas con TEA y hacia las mascotas que se ven afectadas severamente cada vez que se lanzan fuegos artificiales\u201d.<\/p>\n<p style=\"text-align: justify;\">\u201cNosotros sabemos que los fuegos artificiales son un lindo espect\u00e1culo para algunos, pero una verdadera pesadilla para otras personas\u201d, agreg\u00f3 el legislador de la Regi\u00f3n de Coquimbo.<\/p>\n<p style=\"text-align: justify;\">Junto al diputado Manouchehri, son coautores los parlamentarios del Partido Socialista Daniel Melo, Ra\u00fal Leiva y Daniella Cicardini; Mar\u00eda Luisa Cordero de la Bancada de Renovaci\u00f3n Nacional, Andr\u00e9s Jouannet de Amarillos y Ericka \u00d1anco de Revoluci\u00f3n Democr\u00e1tica<\/p>\n<p style=\"text-align: justify;\">En esa l\u00ednea, Manouchehri record\u00f3 que \u201cen Chile los fuegos artificiales se encuentran prohibidos para la generalidad, pero todav\u00eda persiste esta pr\u00e1ctica en los distintos shows\u201d.<\/p>\n<p style=\"text-align: justify;\">Asimismo, el diputado PS Ra\u00fal Leiva complement\u00f3 que esta iniciativa, sumada a la acci\u00f3n del Estado, contribuir\u00e1 al combate del crimen organizado. \u201cEn esa direcci\u00f3n se enmarca la prohibici\u00f3n de fuegos artificiales para que se restrinjan. Es como la norma que proh\u00edbe las armas, pero si ingresan de manera ilegal se requiere de una pol\u00edtica criminal, recursos y una decisi\u00f3n pol\u00edtica de prohibir el ingreso\u201d, destac\u00f3.<\/p>\n<p style=\"text-align: justify;\">El proyecto, que busca agregar un art\u00edculo \u00fanico a la Ley de Control de Armas, pasar\u00eda a la Comisi\u00f3n de Defensa de la C\u00e1mara una vez que se d\u00e9 cuenta en la Sala.<\/p>\n<p style=\"text-align: justify;\">Entre otras razones de base, que consideran diversas variantes de contaminaci\u00f3n, la presentaci\u00f3n de la moci\u00f3n tiene respaldo en el an\u00e1lisis de especialistas de la salud, citando que \u201clas coloridas detonaciones que alegran a la mayor\u00eda de las personas e infantes, vienen asociadas de una alta carga de luminosidad y ruido, que alteran a las personas, ni\u00f1os, ni\u00f1as y adolescentes afectados con esta patolog\u00eda (Trastorno del Espectro Autista), ya que tienen desarrollada una mayor hipersensibilidad\u201d.<\/p>\n<p style=\"text-align: justify;\">Sobre la contaminaci\u00f3n auditiva, que afecta especialmente a las personas con TEA y mascotas, el fundamento del proyecto referencia a la Organizaci\u00f3n Mundial de la Salud. El ente estima que \u201cel l\u00edmite recomendable de sonido apto para\u00a0<a href=\"https:\/\/www.who.int\/mediacentre\/news\/releases\/2015\/ear-care\/es\/\">la salud auditiva\u00a0<\/a>de los humanos es de 65 decibelios; sin embargo, en el momento en que un cohete o petardo estalla, el sonido puede alcanzar hasta los 190 decibelios, un n\u00famero tres veces m\u00e1s fuerte que el que el o\u00eddo de un adulto puede soportar, considerando que los beb\u00e9s, personas con TEA y mascotas son mucho m\u00e1s vulnerables, estando m\u00e1s expuestos a lesiones auditivas\u201d.<\/p>\n<p>&nbsp;<\/p>\n","protected":false},"excerpt":{"rendered":"<p>\u201cSabemos que los fuegos artificiales son un lindo espect\u00e1culo para algunos, pero una verdadera pesadilla para otras personas\u201d, destac\u00f3 el socialista Daniel Manouchehri. \u00a0Un grupo de diputadas y diputados de diversas bancadas anunci\u00f3 la presentaci\u00f3n del proyecto \u201cNo m\u00e1s fuegos artificiales\u201d. La iniciativa cuenta con el respaldo transversal de diversas<\/p>\n","protected":false},"author":1,"featured_media":2450,"comment_status":"closed","ping_status":"open","sticky":false,"template":"","format":"standard","meta":{"footnotes":""},"categories":[26],"tags":[],"class_list":["post-2756","post","type-post","status-publish","format-standard","has-post-thumbnail","hentry","category-camara-de-diputadas-y-diputados"],"_links":{"self":[{"href":"https:\/\/minutaregional.cl\/index.php?rest_route=\/wp\/v2\/posts\/2756","targetHints":{"allow":["GET"]}}],"collection":[{"href":"https:\/\/minutaregional.cl\/index.php?rest_route=\/wp\/v2\/posts"}],"about":[{"href":"https:\/\/minutaregional.cl\/index.php?rest_route=\/wp\/v2\/types\/post"}],"author":[{"embeddable":true,"href":"https:\/\/minutaregional.cl\/index.php?rest_route=\/wp\/v2\/users\/1"}],"replies":[{"embeddable":true,"href":"https:\/\/minutaregional.cl\/index.php?rest_route=%2Fwp%2Fv2%2Fcomments&post=2756"}],"version-history":[{"count":1,"href":"https:\/\/minutaregional.cl\/index.php?rest_route=\/wp\/v2\/posts\/2756\/revisions"}],"predecessor-version":[{"id":2757,"href":"https:\/\/minutaregional.cl\/index.php?rest_route=\/wp\/v2\/posts\/2756\/revisions\/2757"}],"wp:featuredmedia":[{"embeddable":true,"href":"https:\/\/minutaregional.cl\/index.php?rest_route=\/wp\/v2\/media\/2450"}],"wp:attachment":[{"href":"https:\/\/minutaregional.cl\/index.php?rest_route=%2Fwp%2Fv2%2Fmedia&parent=2756"}],"wp:term":[{"taxonomy":"category","embeddable":true,"href":"https:\/\/minutaregional.cl\/index.php?rest_route=%2Fwp%2Fv2%2Fcategories&post=2756"},{"taxonomy":"post_tag","embeddable":true,"href":"https:\/\/minutaregional.cl\/index.php?rest_route=%2Fwp%2Fv2%2Ftags&post=2756"}],"curies":[{"name":"wp","href":"https:\/\/api.w.org\/{rel}","templated":true}]}}