{"id":2751,"date":"2022-12-20T04:26:55","date_gmt":"2022-12-20T04:26:55","guid":{"rendered":"https:\/\/minutaregional.cl\/?p=2751"},"modified":"2022-12-20T04:26:55","modified_gmt":"2022-12-20T04:26:55","slug":"diputado-manouchehri-pareciera-que-la-polar-cree-que-los-chilenos-son-bobos","status":"publish","type":"post","link":"https:\/\/minutaregional.cl\/?p=2751","title":{"rendered":"Diputado Manouchehri: \u201cPareciera que La Polar cree que los chilenos son bobos\u201d"},"content":{"rendered":"<p>&nbsp;<\/p>\n<p style=\"text-align: justify;\"><strong><em>*Los diputados del PS Daniel Manouchehri y Daniel Melo rechazaron el \u201clavado de imagen\u201d de la \u00faltima campa\u00f1a publicitaria de La Polar. <\/em><\/strong><\/p>\n<p style=\"text-align: justify;\"><strong><em>\u00a0<\/em><\/strong><strong><em>*\u201cHoy d\u00eda los chilenos no saben si la ropa que compraron en La Polar es falsificada, de saldos o simplemente no es lo que le est\u00e1n vendiendo\u201d, se\u00f1al\u00f3 Manouchehri.<\/em><\/strong><\/p>\n<p style=\"text-align: justify;\">En las \u00faltimas horas, la multitienda La Polar inici\u00f3 una campa\u00f1a publicitaria donde insisten en que los productos que comercializan son originales. Esto, como respuesta a las acusaciones de m\u00faltiples marcas de ropa transnacionales de vender ropa falsificada, la querella de Aduanas por presunto contrabando y a la demanda colectiva a la que se sum\u00f3 el Servicio Nacional del Consumidor.<\/p>\n<p style=\"text-align: justify;\">En ese contexto, los diputados socialistas Daniel Manouchehri y Daniel Melo rechazaron el \u201clavado de imagen\u201d de la multitienda. \u201cLa Polar miente a los chilenos nuevamente. Pareciera que Multitiendas La Polar cree que los chilenos son bobos. Hoy d\u00eda los chilenos no saben si la ropa que compraron en La Polar es falsificada, de saldos o simplemente no es lo que le est\u00e1n vendiendo\u201d, indic\u00f3 Manouchehri.<\/p>\n<p style=\"text-align: justify;\">El legislador de la Regi\u00f3n de Coquimbo record\u00f3 que el 2021 hubo un acuerdo judicial, \u201cdonde justamente se comprob\u00f3 y reconoci\u00f3 La Polar que estaba vendiendo ropa falsificada. Hoy d\u00eda nuevamente los casos son extremadamente graves. Se ha abierto una querella por parte de Aduanas por contrabando, el Sernac se hizo parte de una demanda colectiva. Nosotros estamos trabajando para tener una Comisi\u00f3n Investigadora. Ac\u00e1 lo que tiene que suceder es que se haga una investigaci\u00f3n.\u201d<\/p>\n<p style=\"text-align: justify;\">\u201cLos antecedentes que hoy existen son graves, hablan de falsificaci\u00f3n, de contrabando, de da\u00f1o a la fe p\u00fablica. Lo que est\u00e1 haciendo La Polar es inaceptable y pareciera que este marketing, no me cabe duda, no va a calar en los chilenos que saben que en esta tienda pareciera que suceden cosas extremadamente extra\u00f1as y que afectan a millones de usuarios\u201d, se\u00f1al\u00f3 Manouchehri.<\/p>\n<p style=\"text-align: justify;\">Asimismo, Manouchehri fustig\u00f3 a la empresa, dado que \u201cse est\u00e1 afectando a los consumidores, se est\u00e1 afectando a las personas y eso nosotros no podemos permitirlo y aqu\u00ed la justicia tiene que investigar con todo el peso de la ley este tipo de actitudes, porque pareciera que La Polar se ha transformado en una multitienda en donde el eslogan deber\u00eda ser \u2018La Polar, llegar y falsificar\u2019\u201d.<\/p>\n<p style=\"text-align: justify;\">En esa l\u00ednea, el diputado Daniel Melo agreg\u00f3 que \u201ces lamentable, la verdad, que se juegue con la fe p\u00fablica, que se juegue en definitiva con los sectores populares y de clases medias, quienes son aquellos que acceden a comprar en estas multitiendas\u201d.<\/p>\n<p style=\"text-align: justify;\">\u201cHoy asistimos una vez m\u00e1s a toda una operaci\u00f3n de maquillaje de esta empresa y esperamos que la justicia haga su trabajo. Desde ac\u00e1, desde la C\u00e1mara de Diputados, vamos a empujar con mucha fuerza la implementaci\u00f3n de una Comisi\u00f3n Investigadora que aclare todos estos hechos y, en definitiva, podamos tener un sistema que funcione, que defienda a los consumidores de empresas con tan mala reputaci\u00f3n como es La Polar\u201d, destac\u00f3.<\/p>\n<p style=\"text-align: justify;\"><strong>Comisi\u00f3n Investigadora<\/strong><\/p>\n<p style=\"text-align: justify;\">Precisamente, el diputado Daniel Manouchehri recalc\u00f3 que se est\u00e1 \u201ca pocas firmas de poder tener la Comisi\u00f3n Investigadora en la C\u00e1mara de Diputados. Lo cual tambi\u00e9n nos va a permitir poder escuchar primeramente a los distintos \u00f3rganos\u201d.<\/p>\n<p style=\"text-align: justify;\">\u201cQueremos escuchar a la Aduana para que nos pueda contar cu\u00e1les son los antecedentes que maneja para poder querellarse por contrabando. Escuchar al Sernac, escuchar al Ministerio del Interior y poder escuchar a todos los actores, porque creemos que esto puede ser una \u2018caja de pandora\u2019 y no tenemos hoy d\u00eda la certeza de que esto no se est\u00e9 repitiendo en la misma multitienda pero tambi\u00e9n as\u00ed en otras multitiendas\u201d, subray\u00f3.<\/p>\n<p>&nbsp;<\/p>\n","protected":false},"excerpt":{"rendered":"<p>&nbsp; *Los diputados del PS Daniel Manouchehri y Daniel Melo rechazaron el \u201clavado de imagen\u201d de la \u00faltima campa\u00f1a publicitaria de La Polar. \u00a0*\u201cHoy d\u00eda los chilenos no saben si la ropa que compraron en La Polar es falsificada, de saldos o simplemente no es lo que le est\u00e1n vendiendo\u201d,<\/p>\n","protected":false},"author":1,"featured_media":2734,"comment_status":"closed","ping_status":"open","sticky":false,"template":"","format":"standard","meta":{"footnotes":""},"categories":[26],"tags":[],"class_list":["post-2751","post","type-post","status-publish","format-standard","has-post-thumbnail","hentry","category-camara-de-diputadas-y-diputados"],"_links":{"self":[{"href":"https:\/\/minutaregional.cl\/index.php?rest_route=\/wp\/v2\/posts\/2751","targetHints":{"allow":["GET"]}}],"collection":[{"href":"https:\/\/minutaregional.cl\/index.php?rest_route=\/wp\/v2\/posts"}],"about":[{"href":"https:\/\/minutaregional.cl\/index.php?rest_route=\/wp\/v2\/types\/post"}],"author":[{"embeddable":true,"href":"https:\/\/minutaregional.cl\/index.php?rest_route=\/wp\/v2\/users\/1"}],"replies":[{"embeddable":true,"href":"https:\/\/minutaregional.cl\/index.php?rest_route=%2Fwp%2Fv2%2Fcomments&post=2751"}],"version-history":[{"count":1,"href":"https:\/\/minutaregional.cl\/index.php?rest_route=\/wp\/v2\/posts\/2751\/revisions"}],"predecessor-version":[{"id":2752,"href":"https:\/\/minutaregional.cl\/index.php?rest_route=\/wp\/v2\/posts\/2751\/revisions\/2752"}],"wp:featuredmedia":[{"embeddable":true,"href":"https:\/\/minutaregional.cl\/index.php?rest_route=\/wp\/v2\/media\/2734"}],"wp:attachment":[{"href":"https:\/\/minutaregional.cl\/index.php?rest_route=%2Fwp%2Fv2%2Fmedia&parent=2751"}],"wp:term":[{"taxonomy":"category","embeddable":true,"href":"https:\/\/minutaregional.cl\/index.php?rest_route=%2Fwp%2Fv2%2Fcategories&post=2751"},{"taxonomy":"post_tag","embeddable":true,"href":"https:\/\/minutaregional.cl\/index.php?rest_route=%2Fwp%2Fv2%2Ftags&post=2751"}],"curies":[{"name":"wp","href":"https:\/\/api.w.org\/{rel}","templated":true}]}}