{"id":2742,"date":"2022-12-16T00:32:55","date_gmt":"2022-12-16T00:32:55","guid":{"rendered":"https:\/\/minutaregional.cl\/?p=2742"},"modified":"2022-12-16T00:32:55","modified_gmt":"2022-12-16T00:32:55","slug":"invitan-a-visitar-feria-navidena-de-emprendedores-en-plaza-de-canela-baja","status":"publish","type":"post","link":"https:\/\/minutaregional.cl\/?p=2742","title":{"rendered":"INVITAN A VISITAR FERIA NAVIDE\u00d1A DE EMPRENDEDORES EN PLAZA DE CANELA BAJA"},"content":{"rendered":"<p style=\"text-align: justify;\">Durante 10 d\u00edas la plaza ciudadana de Canela Baja se llenar\u00e1 de emprendimientos locales para dar vida a la \u201cFeria Navide\u00f1a 2022\u201d, que en esta versi\u00f3n reunir\u00e1 a mujeres emprendedoras de diversos rubros para que adelanten las compras navide\u00f1as.<\/p>\n<p style=\"text-align: justify;\">Artesan\u00eda, plantas, decoraci\u00f3n, accesorios, juguetes, vestimenta, gastronom\u00eda y mucho m\u00e1s encontrar\u00e1n los asistentes a la \u201cFeria Navide\u00f1a 2022\u201d organizada por la oficina de programa Mujeres Jefas de Hogar de la Municipalidad de Canela, quienes desde el a\u00f1o 2017 buscan entregar una vitrina para promover y comercializar los productos de peque\u00f1os emprendimientos de mujeres de la comuna.<\/p>\n<p style=\"text-align: justify;\">Fresia Gonz\u00e1lez, encargada laboral del programa Mujeres Jefas de Hogar de la Municipalidad de Canela agradeci\u00f3 al alcalde por la oportunidad de realizar esta feria navide\u00f1a e invit\u00f3 a la comunidad a visitarla \u201cuna vez m\u00e1s la municipalidad entrega este punto de venta a las mujeres emprendedoras de la comuna, que les permite mostrar y vender sus productos, adem\u00e1s la posibilidad de que generen redes y contactos entre ellas, lo que va en directo fortalecimiento de la autonom\u00eda econ\u00f3mica. Estas ferias se viene realizando desde el a\u00f1o 2017 y es la quinta vez que el alcalde se compromete y apoya esta iniciativa, ya que en el a\u00f1o 2020 producto de la pandemia no se pudo realizar, esa vez participaron tan solo 17 personas este a\u00f1o tenemos 34 expositoras y en el nombre de ellas entreg\u00f3 los agradecimientos al alcalde y bueno al p\u00fablico en general por supuesto invitarles a que vengan, que participen, que disfruten, que vengan con sus familias, hay productos maravillosos, novedades y que prefieran el comercio local\u201d.<\/p>\n<p style=\"text-align: justify;\">En tanto Diana Oyarzun emprendedora de ropa y joyas, agradeci\u00f3 al municipio y efectu\u00f3 el llamado al p\u00fablico para vayan a visitarlas \u201cinvito a todos los canelinos a visitar la feria navide\u00f1a en la plaza estamos ac\u00e1 instalados hasta el d\u00eda 23 de diciembre, es una buena oportunidad para que encuentre sus lindos regalos, cosas novedosas y muy agradecido del municipio, del se\u00f1or alcalde, de la oficina de la mujer que no ha dado esta oportunidad para participar, as\u00ed que quedan todos invitados a que vengan a visitarnos\u201d<\/p>\n<p style=\"text-align: justify;\">La invitaci\u00f3n es entonces a partir de este martes 13 hasta viernes 23 de presente mes en plaza Ciudadana de Canela Baja, en horario de 09\u00b0\u00b0 hasta las 20\u00b0\u00b0 hrs. donde 34 expositoras dar\u00e1n vida a la \u201cFeria Navide\u00f1a 2022\u201d y apoyar el emprendimiento local.<\/p>\n","protected":false},"excerpt":{"rendered":"<p>Durante 10 d\u00edas la plaza ciudadana de Canela Baja se llenar\u00e1 de emprendimientos locales para dar vida a la \u201cFeria Navide\u00f1a 2022\u201d, que en esta versi\u00f3n reunir\u00e1 a mujeres emprendedoras de diversos rubros para que adelanten las compras navide\u00f1as. Artesan\u00eda, plantas, decoraci\u00f3n, accesorios, juguetes, vestimenta, gastronom\u00eda y mucho m\u00e1s encontrar\u00e1n<\/p>\n","protected":false},"author":1,"featured_media":2743,"comment_status":"closed","ping_status":"open","sticky":false,"template":"","format":"standard","meta":{"footnotes":""},"categories":[21,1],"tags":[],"class_list":["post-2742","post","type-post","status-publish","format-standard","has-post-thumbnail","hentry","category-municipalidades","category-noticias-regionales"],"_links":{"self":[{"href":"https:\/\/minutaregional.cl\/index.php?rest_route=\/wp\/v2\/posts\/2742","targetHints":{"allow":["GET"]}}],"collection":[{"href":"https:\/\/minutaregional.cl\/index.php?rest_route=\/wp\/v2\/posts"}],"about":[{"href":"https:\/\/minutaregional.cl\/index.php?rest_route=\/wp\/v2\/types\/post"}],"author":[{"embeddable":true,"href":"https:\/\/minutaregional.cl\/index.php?rest_route=\/wp\/v2\/users\/1"}],"replies":[{"embeddable":true,"href":"https:\/\/minutaregional.cl\/index.php?rest_route=%2Fwp%2Fv2%2Fcomments&post=2742"}],"version-history":[{"count":1,"href":"https:\/\/minutaregional.cl\/index.php?rest_route=\/wp\/v2\/posts\/2742\/revisions"}],"predecessor-version":[{"id":2744,"href":"https:\/\/minutaregional.cl\/index.php?rest_route=\/wp\/v2\/posts\/2742\/revisions\/2744"}],"wp:featuredmedia":[{"embeddable":true,"href":"https:\/\/minutaregional.cl\/index.php?rest_route=\/wp\/v2\/media\/2743"}],"wp:attachment":[{"href":"https:\/\/minutaregional.cl\/index.php?rest_route=%2Fwp%2Fv2%2Fmedia&parent=2742"}],"wp:term":[{"taxonomy":"category","embeddable":true,"href":"https:\/\/minutaregional.cl\/index.php?rest_route=%2Fwp%2Fv2%2Fcategories&post=2742"},{"taxonomy":"post_tag","embeddable":true,"href":"https:\/\/minutaregional.cl\/index.php?rest_route=%2Fwp%2Fv2%2Ftags&post=2742"}],"curies":[{"name":"wp","href":"https:\/\/api.w.org\/{rel}","templated":true}]}}