{"id":2736,"date":"2022-12-16T00:23:16","date_gmt":"2022-12-16T00:23:16","guid":{"rendered":"https:\/\/minutaregional.cl\/?p=2736"},"modified":"2022-12-16T00:28:46","modified_gmt":"2022-12-16T00:28:46","slug":"se-inicia-vacunacion-de-viruela-del-mono-en-la-region-de-coquimbo","status":"publish","type":"post","link":"https:\/\/minutaregional.cl\/?p=2736","title":{"rendered":"Se Inicia Vacunaci\u00f3n de Viruela del Mono en la Regi\u00f3n de Coquimbo"},"content":{"rendered":"<audio class=\"wp-audio-shortcode\" id=\"audio-2736-1\" preload=\"none\" style=\"width: 100%;\" controls=\"controls\"><source type=\"audio\/mpeg\" src=\"https:\/\/minutaregional.cl\/wp-content\/uploads\/2022\/12\/Cuna-Seremi-de-Salud_Vacunas_Viruelamono.mp3?_=1\" \/><a href=\"https:\/\/minutaregional.cl\/wp-content\/uploads\/2022\/12\/Cuna-Seremi-de-Salud_Vacunas_Viruelamono.mp3\">https:\/\/minutaregional.cl\/wp-content\/uploads\/2022\/12\/Cuna-Seremi-de-Salud_Vacunas_Viruelamono.mp3<\/a><\/audio>\n<p>AUDIO : Seremi de Salud Paola Salas<\/p>\n<p style=\"text-align: justify;\">El Hospital de La Serena ser\u00e1 el centro de referencia para la vacunaci\u00f3n contra la Viruela del Mono en la regi\u00f3n de Coquimbo, estrategia de salud p\u00fablica que ya est\u00e1 disponible para quienes lo necesiten.<\/p>\n<p style=\"text-align: justify;\">Por esto, la Seremi de Salud Paola Salas junto con profesionales del Servicio de Salud visitaron el centro vacunador para explicar c\u00f3mo se desarrollar\u00e1 est\u00e1 estrategia en la regi\u00f3n.<\/p>\n<p style=\"text-align: justify;\">\u201cHoy damos inicio a la vacunaci\u00f3n muy esperada por la poblaci\u00f3n. Tener una vacuna que se pueda provisionar a las personas que tengan alg\u00fan riesgo de contagio es tremendamente importante. En nuestra regi\u00f3n, tenemos 26 casos ya confirmados de Viruela y queremos que este n\u00famero no aumente y por eso tenemos que vacunar\u201d, se\u00f1al\u00f3 la Seremi de Salud, Paola Salas.<\/p>\n<p style=\"text-align: justify;\">Para la vacunaci\u00f3n contra la Viruela del Mono el Ministerio de Salud ha establecido una poblaci\u00f3n objetivo compuesta por: contactos estrechos con exposici\u00f3n de alto riesgo de casos confirmados de esta enfermedad y personas que mantienen pr\u00e1cticas sexuales de alto riesgo.<\/p>\n<p style=\"text-align: justify;\">Por su parte, la Dra. Alejandra \u00c1lvarez, Subdirectora de Gesti\u00f3n Asistencial del Servicio de Salud Coquimbo explic\u00f3 c\u00f3mo se desarrollar\u00e1 esta estrategia en la Red de salud \u00a0\u201cEl Hospital de La Serena es el primer centro de referencia para la vacunaci\u00f3n contra la Viruela del Mono en la Regi\u00f3n de Coquimbo. Nosotros como Red Asistencial P\u00fablica vamos a trabajar en implementar centros de vacunaci\u00f3n m\u00e1s, idealmente, uno por provincia, para que as\u00ed toda la poblaci\u00f3n que lo requiera pueda tener acceso a la inmunizaci\u00f3n\u201d. Se\u00f1al\u00f3.<\/p>\n<p style=\"text-align: justify;\">Finalmente, Gabriela Mu\u00f1oz, enfermera y referente de Inmunizaciones del Hospital de La Serena, explica c\u00f3mo las personas pueden solicitar la vacuna \u201cTenemos una agenda donde los pacientes pueden tener una cita y tengan un horario protegido para la vacunaci\u00f3n\u201d se\u00f1ala la profesional. Adem\u00e1s, comenta que para todas las personas que cumplan criterio para vacunarse, pueden agendar su hora al +56977225784.<\/p>\n<p style=\"text-align: justify;\"><strong><u>\u00bfC\u00f3mo es la vacuna?<\/u><\/strong><\/p>\n<p style=\"text-align: justify;\">Aldoaneth Leiva, infect\u00f3loga del Hospital de La Serena, explica que \u201cSe trata de una vacuna de virus atenuados, con la cual, vamos a potenciar la inmunidad del propio paciente para que genere sus propias defensas contra este microrganismo\u201d, se\u00f1al\u00f3 Leiva.<\/p>\n<p style=\"text-align: justify;\">Adem\u00e1s, sostuvo que \u201cLo positivo de esta vacuna es que se trata de un virus que no se va a replicar, por lo tanto, no va a producir la enfermedad en el paciente y eso significa que no va a manifestar s\u00edntomas m\u00e1s all\u00e1 de los que su sistema inmunol\u00f3gico genere\u201d. Puntualiz\u00f3.<\/p>\n<p style=\"text-align: justify;\"><strong><u>La Viruela del Mono:<\/u><\/strong><\/p>\n<p style=\"text-align: justify;\">La viruela del mono, o viruela s\u00edmica, es una enfermedad zoon\u00f3tica viral (enfermedad provocada por virus transmitido de los animales a las personas) de la familia de los ortopoxvirus el mismo del virus Varicela causante de la viruela humana ya erradicada en 1980, y que produce s\u00edntomas parecidos a los que se observaban en los pacientes de viruela en el pasado, de menor gravedad.<\/p>\n","protected":false},"excerpt":{"rendered":"<p>AUDIO : Seremi de Salud Paola Salas El Hospital de La Serena ser\u00e1 el centro de referencia para la vacunaci\u00f3n contra la Viruela del Mono en la regi\u00f3n de Coquimbo, estrategia de salud p\u00fablica que ya est\u00e1 disponible para quienes lo necesiten. Por esto, la Seremi de Salud Paola Salas<\/p>\n","protected":false},"author":1,"featured_media":2737,"comment_status":"closed","ping_status":"open","sticky":false,"template":"","format":"standard","meta":{"footnotes":""},"categories":[51,1],"tags":[],"class_list":["post-2736","post","type-post","status-publish","format-standard","has-post-thumbnail","hentry","category-seremisalud_coquimbo","category-noticias-regionales"],"_links":{"self":[{"href":"https:\/\/minutaregional.cl\/index.php?rest_route=\/wp\/v2\/posts\/2736","targetHints":{"allow":["GET"]}}],"collection":[{"href":"https:\/\/minutaregional.cl\/index.php?rest_route=\/wp\/v2\/posts"}],"about":[{"href":"https:\/\/minutaregional.cl\/index.php?rest_route=\/wp\/v2\/types\/post"}],"author":[{"embeddable":true,"href":"https:\/\/minutaregional.cl\/index.php?rest_route=\/wp\/v2\/users\/1"}],"replies":[{"embeddable":true,"href":"https:\/\/minutaregional.cl\/index.php?rest_route=%2Fwp%2Fv2%2Fcomments&post=2736"}],"version-history":[{"count":3,"href":"https:\/\/minutaregional.cl\/index.php?rest_route=\/wp\/v2\/posts\/2736\/revisions"}],"predecessor-version":[{"id":2741,"href":"https:\/\/minutaregional.cl\/index.php?rest_route=\/wp\/v2\/posts\/2736\/revisions\/2741"}],"wp:featuredmedia":[{"embeddable":true,"href":"https:\/\/minutaregional.cl\/index.php?rest_route=\/wp\/v2\/media\/2737"}],"wp:attachment":[{"href":"https:\/\/minutaregional.cl\/index.php?rest_route=%2Fwp%2Fv2%2Fmedia&parent=2736"}],"wp:term":[{"taxonomy":"category","embeddable":true,"href":"https:\/\/minutaregional.cl\/index.php?rest_route=%2Fwp%2Fv2%2Fcategories&post=2736"},{"taxonomy":"post_tag","embeddable":true,"href":"https:\/\/minutaregional.cl\/index.php?rest_route=%2Fwp%2Fv2%2Ftags&post=2736"}],"curies":[{"name":"wp","href":"https:\/\/api.w.org\/{rel}","templated":true}]}}