{"id":2722,"date":"2022-12-15T23:27:32","date_gmt":"2022-12-15T23:27:32","guid":{"rendered":"https:\/\/minutaregional.cl\/?p=2722"},"modified":"2022-12-15T23:53:01","modified_gmt":"2022-12-15T23:53:01","slug":"diputada-tello-envia-proyecto-resolutivo-para-solicitar-retraso-en-traspaso-de-funcionarios-en-municipalidades","status":"publish","type":"post","link":"https:\/\/minutaregional.cl\/?p=2722","title":{"rendered":"DIPUTADA TELLO ENV\u00cdA PROYECTO RESOLUTIVO PARA SOLICITAR RETRASO EN TRASPASO DE FUNCIONARIOS EN MUNICIPALIDADES"},"content":{"rendered":"<div><\/div>\n<div>\n<audio class=\"wp-audio-shortcode\" id=\"audio-2722-1\" preload=\"none\" style=\"width: 100%;\" controls=\"controls\"><source type=\"audio\/mpeg\" src=\"https:\/\/minutaregional.cl\/wp-content\/uploads\/2022\/12\/Tello.m4a?_=1\" \/><a href=\"https:\/\/minutaregional.cl\/wp-content\/uploads\/2022\/12\/Tello.m4a\">https:\/\/minutaregional.cl\/wp-content\/uploads\/2022\/12\/Tello.m4a<\/a><\/audio>\n<p>AUDIO : DIPUTADA TELLO<\/p>\n<\/div>\n<div style=\"text-align: justify;\">La Pdta de la Comisi\u00f3n de G\u00e9nero Carolina Tello envi\u00f3 al ejecutivo un proyecto de resoluci\u00f3n para retrasar el traspaso de trabajadores honorarios a contrata, debido a los pocos recursos que manejan los municipios y tras haber conversado con diversos alcaldes de la regi\u00f3n. Adem\u00e1s solicita la intervenci\u00f3n de Contralor\u00eda en esta pr\u00f3rroga.<\/div>\n<div style=\"text-align: justify;\"><\/div>\n<div style=\"text-align: justify;\">Con este proyecto se solicita al ejecutivo modificar el Art\u00edculo 3\u00b0 de la Ley N\u00b018.883 que aprueba Estatuto Administrativo para Funcionarios Municipales, eliminando las excepciones que se\u00f1ala la ley para la contrataci\u00f3n bajo C\u00f3digo del Trabajo, a fin de permitir a las Municipalidades contar con esta modalidad de relaci\u00f3n contractual para efectuar transici\u00f3n de funcionarios que actualmente se desempe\u00f1an bajo la modalidad de trabajadores a Honorarios y solicitar a la Contralor\u00eda General de la Rep\u00fablica una pr\u00f3rroga de la aplicaci\u00f3n del dictamen N\u00b0E173171 de enero del 2022, que fija un nuevo criterio de interpretaci\u00f3n para la contrataci\u00f3n en la modalidad de honorarios en los \u00f3rganos de la Administraci\u00f3n del Estado, con especial \u00e9nfasis en la aplicaci\u00f3n en los Municipios del pa\u00eds.<\/div>\n<div style=\"text-align: justify;\"><\/div>\n<div style=\"text-align: justify;\">\u00abEste traspaso es impracticable debido a los recursos disponibles actualmente, m\u00e1s a\u00fan cuando hay algunos municipios que tienen fuentes limitados de ingresos propios por otro lado nuestra preocupaci\u00f3n radica por funcionarios y funcionarias que ser\u00edan homologados a alg\u00fan grado de escalaf\u00f3n p\u00fablico tendr\u00edan una merma en sus sueldos y otros que perder\u00edan sus a\u00f1os de servicio, entonces as\u00ed tal como est\u00e1 el dictamen de enero de 2021, ser\u00eda perjudicial, por eso solicitamos al ejecutivo una ampliaci\u00f3n de facultades para contratar bajo c\u00f3digo del trabajo, hoy es s\u00f3lo excepcional y la posibilidad de posponer su entrada en vigencia\u00bb, dijo la diputada Tello.<\/div>\n<div style=\"text-align: justify;\"><\/div>\n<div style=\"text-align: justify;\">El alcalde de La Serena, Roberto Jacob y vicepresidente de la Asociaci\u00f3n Chilena de Municipalidades, ACHM, sostuvo que \u00abCreo que no deber\u00edan existir los honorarios, porque es una condici\u00f3n de trabajador que est\u00e1 en desmedro de los contrata y los de planta. Es justo que est\u00e9n todos en una misma condici\u00f3n, pero, cuando se hacen este tipo de leyes o dict\u00e1menes de Contralor\u00eda, lo solicitan sin recursos para hacer los traspasos. Hoy los municipios no estamos bullantes de plata y m\u00e1s encima, si hacemos este cambio, es un gasto tremendo. Si lo quieren hacer, h\u00e1ganlo bien y entreguen los recursos\u00bb.<\/div>\n<div style=\"text-align: justify;\"><\/div>\n<div style=\"text-align: justify;\">El alcalde de Vicu\u00f1a, Rafael Vera y pdte de la Asociaci\u00f3n de Municipios de la Regi\u00f3n de Coquimbo afirm\u00f3 que \u00abhemos pasado funcionarios a honorarios a contrata. Es importante que la Contralor\u00eda entregue este dictamen y nos parece fant\u00e1stico que lo haga ante esta injusticia social, pero, entendemos, que esto tiene que tener recursos econ\u00f3micos para hacer los cambios\u00bb.<\/div>\n<div style=\"text-align: justify;\"><\/div>\n<div style=\"text-align: justify;\">El alcalde de Monte Patria, Cristi\u00e1n Herrera indic\u00f3 que \u00abLo hemos conversado con la diputada Tello, la imposibilidad de acatar el dictamen de Contralor\u00eda, cambiando la calidad de los funcionarios. Que no dan los presupuestos y no pueden ser asimilados. Valoramos este proyecto, porque estamos\u00a0complicados y esperamos dar tranquilidad a todos los funcionarios\u00bb.<\/div>\n<div style=\"text-align: justify;\"><\/div>\n<div style=\"text-align: justify;\">Tambi\u00e9n se espera ingresar un Proyecto de Ley para el reconocimiento de a\u00f1os de servicio de las y los funcionarios que prestan funciones en Municipalidades bajo la modalidad de Honorarios y que deber\u00e1n continuar sus funciones bajo la modalidad de contrataci\u00f3n a Contrata, a fin de reconocer su v\u00ednculo laboral y permitir la continuidad en la prestaci\u00f3n de servicios, independiente del cambio de modalidad contractual.<\/div>\n","protected":false},"excerpt":{"rendered":"<p>AUDIO : DIPUTADA TELLO La Pdta de la Comisi\u00f3n de G\u00e9nero Carolina Tello envi\u00f3 al ejecutivo un proyecto de resoluci\u00f3n para retrasar el traspaso de trabajadores honorarios a contrata, debido a los pocos recursos que manejan los municipios y tras haber conversado con diversos alcaldes de la regi\u00f3n. Adem\u00e1s solicita<\/p>\n","protected":false},"author":1,"featured_media":2723,"comment_status":"closed","ping_status":"open","sticky":false,"template":"","format":"standard","meta":{"footnotes":""},"categories":[26],"tags":[],"class_list":["post-2722","post","type-post","status-publish","format-standard","has-post-thumbnail","hentry","category-camara-de-diputadas-y-diputados"],"_links":{"self":[{"href":"https:\/\/minutaregional.cl\/index.php?rest_route=\/wp\/v2\/posts\/2722","targetHints":{"allow":["GET"]}}],"collection":[{"href":"https:\/\/minutaregional.cl\/index.php?rest_route=\/wp\/v2\/posts"}],"about":[{"href":"https:\/\/minutaregional.cl\/index.php?rest_route=\/wp\/v2\/types\/post"}],"author":[{"embeddable":true,"href":"https:\/\/minutaregional.cl\/index.php?rest_route=\/wp\/v2\/users\/1"}],"replies":[{"embeddable":true,"href":"https:\/\/minutaregional.cl\/index.php?rest_route=%2Fwp%2Fv2%2Fcomments&post=2722"}],"version-history":[{"count":3,"href":"https:\/\/minutaregional.cl\/index.php?rest_route=\/wp\/v2\/posts\/2722\/revisions"}],"predecessor-version":[{"id":2728,"href":"https:\/\/minutaregional.cl\/index.php?rest_route=\/wp\/v2\/posts\/2722\/revisions\/2728"}],"wp:featuredmedia":[{"embeddable":true,"href":"https:\/\/minutaregional.cl\/index.php?rest_route=\/wp\/v2\/media\/2723"}],"wp:attachment":[{"href":"https:\/\/minutaregional.cl\/index.php?rest_route=%2Fwp%2Fv2%2Fmedia&parent=2722"}],"wp:term":[{"taxonomy":"category","embeddable":true,"href":"https:\/\/minutaregional.cl\/index.php?rest_route=%2Fwp%2Fv2%2Fcategories&post=2722"},{"taxonomy":"post_tag","embeddable":true,"href":"https:\/\/minutaregional.cl\/index.php?rest_route=%2Fwp%2Fv2%2Ftags&post=2722"}],"curies":[{"name":"wp","href":"https:\/\/api.w.org\/{rel}","templated":true}]}}