{"id":2718,"date":"2022-12-14T15:04:45","date_gmt":"2022-12-14T15:04:45","guid":{"rendered":"https:\/\/minutaregional.cl\/?p=2718"},"modified":"2022-12-14T15:04:45","modified_gmt":"2022-12-14T15:04:45","slug":"convenio-con-carabineros-convierte-a-illapel-en-la-primera-comuna-en-implementar-patrullas-mixtas-en-la-region","status":"publish","type":"post","link":"https:\/\/minutaregional.cl\/?p=2718","title":{"rendered":"Convenio con Carabineros convierte a Illapel en la primera comuna en implementar patrullas mixtas en la regi\u00f3n"},"content":{"rendered":"<ul>\n<li style=\"text-align: justify;\"><strong><em>Iniciativa permitir\u00e1 potenciar los recursos desplegados para brindar mayor seguridad a la comunidad, y busca ser replicada en otras comunas de la regi\u00f3n.<\/em><\/strong><\/li>\n<\/ul>\n<p style=\"text-align: justify;\"><strong>\u00a0<\/strong>Una importante se\u00f1al del compromiso por la seguridad de los vecinos, se dio este martes en Illapel, luego de que se concretara la firma del primer convenio de patrullas mixtas en la regi\u00f3n.<\/p>\n<p style=\"text-align: justify;\">Con ello, la capital del Choapa se convirti\u00f3 en la primera comuna de la regi\u00f3n de Coquimbo en formalizar el mecanismo que permitir\u00e1 reforzar el despliegue conjunto de carabineros e inspectores, en veh\u00edculos municipales.<\/p>\n<p style=\"text-align: justify;\"><strong>\u00abEstamos ocupados y preocupados de la seguridad en todas las comunas de la regi\u00f3n. Por eso, hoy estamos en Illapel, para enviar la se\u00f1al de que todas las comunas son igual de importantes para nosotros como Carabineros. Esta comuna presenta bastante ruralidad y una distribuci\u00f3n geogr\u00e1fica particular, y el poder contar con dos veh\u00edculos municipales y el apoyo de los inspectores, tambi\u00e9n nos permitir\u00e1 entregar respuestas m\u00e1s oportunas a la comunidad\u00bb<\/strong>, indic\u00f3 el Jefe de la IV Zona, General Juan Mu\u00f1oz.<\/p>\n<p style=\"text-align: justify;\">Desde el Gobierno, valoraron el convenio, destacando el aporte del trabajo conjunto para la seguridad de la comunidad.<\/p>\n<p style=\"text-align: justify;\"><strong>\u00abNosotros hemos querido enfrentar la situaci\u00f3n de seguridad con un trabajo conjunto, coordinado en el marco de la coproducci\u00f3n de seguridad. Por eso valoramos que sea Illapel la primera comuna a nivel regional, gracias al trabajo del alcalde Denis Cort\u00e9s, en formalizar esta instancia en la que vamos a poder mejorar la producci\u00f3n de seguridad, acercar a Carabineros y funcionarios municipales a la ciudadan\u00eda tanto en el sector urbano como rural\u00bb<\/strong>, dijo el Delegado Presidencial Regional, Rub\u00e9n Quezada.<\/p>\n<p style=\"text-align: justify;\">Fue en septiembre pasado cuando la Municipalidad de Illapel present\u00f3 ante la comunidad los dos primeros veh\u00edculos de seguridad municipal, que ser\u00e1n utilizados para los patrullajes mixtos.<\/p>\n<p style=\"text-align: justify;\"><strong>\u00abLo que hemos hecho, es actuar preventivamente para que Illapel siga siendo una comuna segura. Por ello, hemos invertido m\u00e1s de 200 millones de pesos en diversas iniciativas, como sistemas de c\u00e1maras, tecnolog\u00eda y ahora estos dos veh\u00edculos, que nos permitiran reforzar el trabajo conjunto que venimos realizando con Carabineros\u00bb<\/strong>,\u00a0 agreg\u00f3 el Alcalde de Illapel, Denis Cort\u00e9s.<\/p>\n<p style=\"text-align: justify;\">En lo que va del a\u00f1o, Carabineros ha fortalecidos su presencia en terreno, lo que ha permitido detener a 61 personas por delitos de mayor connotaci\u00f3n social. Esto representa un aumento de 42% respecto de 2021.<\/p>\n","protected":false},"excerpt":{"rendered":"<p>Iniciativa permitir\u00e1 potenciar los recursos desplegados para brindar mayor seguridad a la comunidad, y busca ser replicada en otras comunas de la regi\u00f3n. \u00a0Una importante se\u00f1al del compromiso por la seguridad de los vecinos, se dio este martes en Illapel, luego de que se concretara la firma del primer convenio<\/p>\n","protected":false},"author":1,"featured_media":2719,"comment_status":"closed","ping_status":"open","sticky":false,"template":"","format":"standard","meta":{"footnotes":""},"categories":[22,1],"tags":[],"class_list":["post-2718","post","type-post","status-publish","format-standard","has-post-thumbnail","hentry","category-muni-illapel","category-noticias-regionales"],"_links":{"self":[{"href":"https:\/\/minutaregional.cl\/index.php?rest_route=\/wp\/v2\/posts\/2718","targetHints":{"allow":["GET"]}}],"collection":[{"href":"https:\/\/minutaregional.cl\/index.php?rest_route=\/wp\/v2\/posts"}],"about":[{"href":"https:\/\/minutaregional.cl\/index.php?rest_route=\/wp\/v2\/types\/post"}],"author":[{"embeddable":true,"href":"https:\/\/minutaregional.cl\/index.php?rest_route=\/wp\/v2\/users\/1"}],"replies":[{"embeddable":true,"href":"https:\/\/minutaregional.cl\/index.php?rest_route=%2Fwp%2Fv2%2Fcomments&post=2718"}],"version-history":[{"count":1,"href":"https:\/\/minutaregional.cl\/index.php?rest_route=\/wp\/v2\/posts\/2718\/revisions"}],"predecessor-version":[{"id":2720,"href":"https:\/\/minutaregional.cl\/index.php?rest_route=\/wp\/v2\/posts\/2718\/revisions\/2720"}],"wp:featuredmedia":[{"embeddable":true,"href":"https:\/\/minutaregional.cl\/index.php?rest_route=\/wp\/v2\/media\/2719"}],"wp:attachment":[{"href":"https:\/\/minutaregional.cl\/index.php?rest_route=%2Fwp%2Fv2%2Fmedia&parent=2718"}],"wp:term":[{"taxonomy":"category","embeddable":true,"href":"https:\/\/minutaregional.cl\/index.php?rest_route=%2Fwp%2Fv2%2Fcategories&post=2718"},{"taxonomy":"post_tag","embeddable":true,"href":"https:\/\/minutaregional.cl\/index.php?rest_route=%2Fwp%2Fv2%2Ftags&post=2718"}],"curies":[{"name":"wp","href":"https:\/\/api.w.org\/{rel}","templated":true}]}}