{"id":2706,"date":"2022-12-11T23:38:42","date_gmt":"2022-12-11T23:38:42","guid":{"rendered":"https:\/\/minutaregional.cl\/?p=2706"},"modified":"2022-12-11T23:38:42","modified_gmt":"2022-12-11T23:38:42","slug":"ministra-javiera-toro-destaca-el-liderazgo-de-la-region-en-la-aplicacion-de-la-ley-caletas","status":"publish","type":"post","link":"https:\/\/minutaregional.cl\/?p=2706","title":{"rendered":"Ministra Javiera Toro destaca el liderazgo de la regi\u00f3n en la aplicaci\u00f3n de la Ley Caletas"},"content":{"rendered":"<ul>\n<li style=\"text-align: justify;\">En su visita entreg\u00f3 dos terrenos fiscales para la Caleta San Pedro de La Serena, y firm\u00f3 un convenio de administraci\u00f3n para la Caleta Puerto Aldea con la Asociaci\u00f3n Gremial de Buzos Asistentes y Pescadores Artesanales.<\/li>\n<\/ul>\n<p style=\"text-align: justify;\">\u00abEn el caso de la Regi\u00f3n de Coquimbo hay un trabajo bien ejemplar\u00bb, afirm\u00f3 la ministra de Bienes Nacionales, Javiera Toro, en su primera visita a la zona, donde dio inicio a la aplicaci\u00f3n de la Ley Caletas junto al Servicio Nacional de Pesca (SERNAPESCA), con dos actividades en directo beneficio de los pescadores de la Caleta San Pedro en La Serena y la de Puerto Aldea de Coquimbo.<\/p>\n<p style=\"text-align: justify;\">La Ley 21.027\/17 \u2013conocida como Ley Caletas- implica un nuevo rol de la gesti\u00f3n del Estado para la coordinaci\u00f3n y articulaci\u00f3n del sector pesquero, ya que otorga certeza jur\u00eddica sobre la tenencia a los pescadores artesanales y sus comunidades, adem\u00e1s de asumir a las caletas como una unidad econ\u00f3mica, productiva, social y cultural ubicada en un \u00e1rea geogr\u00e1fica delimitada.<\/p>\n<p style=\"text-align: justify;\">El Ministerio de Bienes Nacionales, puntualmente, adquiere un rol importante para expropiar y regularizar, como tambi\u00e9n para trabajar sobre ocupaciones de viviendas de pescadores en territorios fiscales.<\/p>\n<p style=\"text-align: justify;\">En ese contexto, la ministra de Bienes Nacionales, Javiera Toro, entreg\u00f3 hoy la destinaci\u00f3n de dos terrenos fiscales para la Caleta San Pedro de La Serena, en la que trabajan 196 pescadores, de los cuales 156 son hombres y 40 mujeres. \u201cEsto tiene que ver con el compromiso que tiene el Presidente Boric, con el mandato que nos ha dado, de poder tener acciones que desde el Estado ayuden a la reactivaci\u00f3n econ\u00f3mica, a potenciar las econom\u00edas locales, a la serie de aspectos que confluyen aqu\u00ed\u201d, recalc\u00f3 la autoridad durante la ceremonia.<\/p>\n<p style=\"text-align: justify;\">Tras la firma de destinaci\u00f3n, la ministra Toro precis\u00f3 que este es el primer paso de la implementaci\u00f3n de la Ley Caletas en este lugar, que dicha norma piensa la actividad pesquera y recolectora de una manera integral y que en el caso de la Regi\u00f3n de Coquimbo hay un trabajo bien ejemplar. \u201cEstamos aprendiendo de esta experiencia, para que la Ley de Caletas se pueda implementar de la mejor manera, apurando su implementaci\u00f3n, porque es muy importante para la protecci\u00f3n de una labor productiva tan relevante como la pesca artesanal y la recolecci\u00f3n. Un trabajo que hacen hombres, pero tambi\u00e9n mujeres, muchas trabajan en las caletas\u201d.<\/p>\n<p style=\"text-align: justify;\">La directora regional del Servicio Nacional de Pesca (SERNAPESCA), Cecilia Solis, puso acento en que \u201ceste ha sido un proceso que afortunadamente no ha sido tan largo, porque el trabajo coordinado entre el Servicio Nacional de Pesca y Bienes Nacionales ha sido muy muy fluido, y eso ha significado que en esta regi\u00f3n estemos mucho m\u00e1s avanzados a nivel nacional en materia de Ley de Caletas\u201d.<\/p>\n<p style=\"text-align: justify;\">El primero de los terrenos destinados corresponde a playas ubicadas en Avenida del Mar S\/N, de una extensi\u00f3n de 15.440,55 m2 y donde se emplazan las instalaciones de la caleta, que corresponden a la zona de vestidores y dem\u00e1s infraestructura. El segundo es un pol\u00edgono con una superficie de 1.645,35 m2 y que corresponde a la zona donde est\u00e1 la planta de procesamiento de machas y la sede de los pescadores. En total la destinaci\u00f3n implica 17.085,9 m2 de superficie emplazados sobre terrenos de administraci\u00f3n de Bienes Nacionales.<\/p>\n<p style=\"text-align: justify;\">El presidente de la Agrupaci\u00f3n de Pescadores de Caleta San Pedro, Franklin Cepeda, dijo que este comodato \u201cva a permitir que nuestra organizaci\u00f3n se pueda desarrollar en diferentes \u00e1mbitos: tur\u00edstico, gastron\u00f3mico, y todas las actividades conexas que conlleva la actividad pesquera de la asociaci\u00f3n gremial (\u2026) hoy es un d\u00eda de alta relevancia para nosotros\u201d.<\/p>\n<p style=\"text-align: justify;\"><strong>Puerto Aldea<\/strong><\/p>\n<p style=\"text-align: justify;\">En la comuna de Coquimbo la ministra Toro particip\u00f3 la firma del convenio de administraci\u00f3n de Caleta Puerto Aldea con la Asociaci\u00f3n de Asociaci\u00f3n Gremial de Buzos Asistentes y Pescadores Artesanales. Dicha actividad fue liderada por SERNAPESCA y donde particip\u00f3 el alcalde Ali Manouchehri.<\/p>\n<p style=\"text-align: justify;\">El edil destac\u00f3 que este convenio es un \u201cavance significativo en el desarrollo de esta caleta, va a permitir una diversificaci\u00f3n de un atractivo como la gastronom\u00eda, industrializaci\u00f3n de los procesos, donde se van a encontrar alternativas diferentes en torno al trabajo que aqu\u00ed se realiza\u201d.<\/p>\n<p>&nbsp;<\/p>\n","protected":false},"excerpt":{"rendered":"<p>En su visita entreg\u00f3 dos terrenos fiscales para la Caleta San Pedro de La Serena, y firm\u00f3 un convenio de administraci\u00f3n para la Caleta Puerto Aldea con la Asociaci\u00f3n Gremial de Buzos Asistentes y Pescadores Artesanales. \u00abEn el caso de la Regi\u00f3n de Coquimbo hay un trabajo bien ejemplar\u00bb, afirm\u00f3<\/p>\n","protected":false},"author":1,"featured_media":2707,"comment_status":"closed","ping_status":"open","sticky":false,"template":"","format":"standard","meta":{"footnotes":""},"categories":[48],"tags":[],"class_list":["post-2706","post","type-post","status-publish","format-standard","has-post-thumbnail","hentry","category-seremi-bines-nacionales"],"_links":{"self":[{"href":"https:\/\/minutaregional.cl\/index.php?rest_route=\/wp\/v2\/posts\/2706","targetHints":{"allow":["GET"]}}],"collection":[{"href":"https:\/\/minutaregional.cl\/index.php?rest_route=\/wp\/v2\/posts"}],"about":[{"href":"https:\/\/minutaregional.cl\/index.php?rest_route=\/wp\/v2\/types\/post"}],"author":[{"embeddable":true,"href":"https:\/\/minutaregional.cl\/index.php?rest_route=\/wp\/v2\/users\/1"}],"replies":[{"embeddable":true,"href":"https:\/\/minutaregional.cl\/index.php?rest_route=%2Fwp%2Fv2%2Fcomments&post=2706"}],"version-history":[{"count":1,"href":"https:\/\/minutaregional.cl\/index.php?rest_route=\/wp\/v2\/posts\/2706\/revisions"}],"predecessor-version":[{"id":2708,"href":"https:\/\/minutaregional.cl\/index.php?rest_route=\/wp\/v2\/posts\/2706\/revisions\/2708"}],"wp:featuredmedia":[{"embeddable":true,"href":"https:\/\/minutaregional.cl\/index.php?rest_route=\/wp\/v2\/media\/2707"}],"wp:attachment":[{"href":"https:\/\/minutaregional.cl\/index.php?rest_route=%2Fwp%2Fv2%2Fmedia&parent=2706"}],"wp:term":[{"taxonomy":"category","embeddable":true,"href":"https:\/\/minutaregional.cl\/index.php?rest_route=%2Fwp%2Fv2%2Fcategories&post=2706"},{"taxonomy":"post_tag","embeddable":true,"href":"https:\/\/minutaregional.cl\/index.php?rest_route=%2Fwp%2Fv2%2Ftags&post=2706"}],"curies":[{"name":"wp","href":"https:\/\/api.w.org\/{rel}","templated":true}]}}