{"id":2693,"date":"2022-12-08T01:25:38","date_gmt":"2022-12-08T01:25:38","guid":{"rendered":"https:\/\/minutaregional.cl\/?p=2693"},"modified":"2022-12-08T01:26:47","modified_gmt":"2022-12-08T01:26:47","slug":"se-espera-que-crucen-cerca-de-30-mil-personas-por-agua-negra-durante-esta-temporada","status":"publish","type":"post","link":"https:\/\/minutaregional.cl\/?p=2693","title":{"rendered":"Se espera que crucen cerca de 30 mil personas por Agua Negra durante esta temporada"},"content":{"rendered":"<ul>\n<li><strong><em>Tras dos a\u00f1os de cierre, y cumpliendo un compromiso entre nuestra regi\u00f3n y la Provincia de San Juan, Argentina, se abri\u00f3 oficialmente el camino al tr\u00e1nsito con todas las condiciones de seguridad.<\/em><\/strong><\/li>\n<\/ul>\n<p>Apenas culmin\u00f3 la ceremonia de apertura del Paso de Agua Negra, a m\u00e1s de 4500 metros sobre el nivel del mar, Mitar Cocliat junto a su familia, se aprontaron a cruzar la frontera para llegar a la Regi\u00f3n de Coquimbo.<\/p>\n<p>Siempre cruza por ac\u00e1, reconoci\u00f3, y a\u00f1adi\u00f3 que <strong>\u00a0\u201ceste a\u00f1o est\u00e1 muy bueno el camino, por el lado argentino estaba muy alto, pero se puede subir perfectamente y cruzar bien al lado chileno sin problemas\u201d<\/strong>, indic\u00f3 tras llegar al complejo fronterizo.<\/p>\n<p>Y es que tras dos a\u00f1os de cierre, producto de la pandemia, tanto chilenos como argentinos estuvieron expectantes a su apertura. Pese a algunas complicaciones durante la habilitaci\u00f3n del camino a cargo de Vialidad del Ministerio de Obras P\u00fablicas, el paso fronterizo que une a la Regi\u00f3n de Coquimbo con la provincia trasandina de San Juan ya est\u00e1 disponible para el tr\u00e1nsito.<\/p>\n<p>Un hito que fue destacado por las autoridades de ambos territorios. En esta l\u00ednea, el Gobernador de San Juan, Sergio U\u00f1ac, indic\u00f3 que <strong>\u201choy damos vuelta la p\u00e1gina de todo lo que nos impact\u00f3 la pandemia. Y hoy volvemos a tener otra vez el paso abierto. Y esto abre una invitaci\u00f3n a todos para que podamos consolidar esta v\u00eda, seguir integr\u00e1ndonos y avanzar para mejorar en un desarrollo y so\u00f1ar en seguir concretando obras, como el t\u00fanel de Agua Negra\u201d<\/strong>.<\/p>\n<p>De esta forma se abre una nueva temporada para el cruce de visitantes, especialmente sanjuaninos que ven en la Regi\u00f3n de Coquimbo una alternativa cercana y c\u00f3moda para descansar en familia.<\/p>\n<p>El Delegado Presidencial Regional, Rub\u00e9n Quezada, indic\u00f3 que las \u00faltimas cifras en cuanto a ingresos y salidas por Agua Negra \u2013temporada 2019, 2020- eran del orden de las 30 mil personas por temporada (poco m\u00e1s de 8 mil veh\u00edculos) por lo que se espera puedan circular una cantidad similar en esta nueva temporada.<\/p>\n<p><strong>\u201cNosotros hemos reforzado los controles migratorios gracias a los diversos servicios, como el SAG, Aduana, Polic\u00eda de Investigaciones, Carabineros y tambi\u00e9n con la Seremi de Salud con la que estamos trabajando en materia de cuidado de las personas, ya que debemos seguir reforzando las medidas en medio de la pandemia frente al Covid19. Estamos decididos a tener un trabajo serio que nos permita que vamos a tener una integraci\u00f3n y buena recepci\u00f3n de visitantes\u201d<\/strong>, se\u00f1al\u00f3 la autoridad regional.<\/p>\n<p>Adicionalmente, remarc\u00f3 en el compromiso de Gobierno del Presidente Gabriel Boric de ir generando mayores los lazos y acciones de integraci\u00f3n entre ambas regiones, d\u00e1ndole un nuevo impulso a la reactivaci\u00f3n econ\u00f3mica. <strong>\u201cPese al impacto en la pandemia en nuestro turismo y comercio, nosotros entendemos que la integraci\u00f3n se da no solo en lo f\u00edsico, tambi\u00e9n en lo cultural, deportivo, ecol\u00f3gico y tenemos mucho que seguir aprendiendo uno del otro y eso es algo que estamos impulsando con hitos como \u00e9stos, que queremos establecer con San Juan y sus autoridades\u201d<\/strong>, puntualiz\u00f3.<\/p>\n<p><strong>Integraci\u00f3n: oportunidades y desarrollo<\/strong><\/p>\n<p>La apertura de Agua Negra tambi\u00e9n fue bien vista por el Gobierno Regional. A trav\u00e9s del Consejo Regional, se valor\u00f3 la habilitaci\u00f3n de esta v\u00eda como una oportunidad para concretar otro tipo de integraciones.<\/p>\n<p>Al respecto, el Consejero Regional, Wladimir Pleticosic, consign\u00f3 que <strong>\u201ccon la Provincia de San Juan nos entendemos como un territorio solidario, tecnol\u00f3gico y que se anima a avanzar sobre pol\u00edticas p\u00fablicas que permiten llevar desarrollo a ambos pueblos. Para eso, necesitamos tener v\u00edas y buen tr\u00e1nsito para nuestros comerciantes y para el turismo, con todo acorde a lo que necesitan los hermanos argentinos y desde ah\u00ed, muchos de los aportes de estos sectores, provienen del Gobierno Regional\u201d<\/strong>.<\/p>\n<p><strong>Exigencias sanitarias<\/strong><\/p>\n<p>Este a\u00f1o, en el complejo fronterizo Juntas del Toro, estar\u00e1 disponible una oficina de atenci\u00f3n y control de la autoridad sanitaria.<\/p>\n<p>Paola Salas, Seremi de Salud, explic\u00f3 que si bien han cambiado algunas condiciones y medidas respecto al Covid19, record\u00f3 que para el ingreso al pa\u00eds se deben cumplir ciertos requisitos. <strong>\u201cY las recomendaciones son: que se debe traer el certificado de vacunaci\u00f3n, el que no tenga vacunas debe presentar un examen PCR con 48 horas de anticipaci\u00f3n que sea negativo. Los menores de 18 a\u00f1os no se les va a exigir la vacunaci\u00f3n en ni\u00f1os\u201d<\/strong>, inform\u00f3.<\/p>\n","protected":false},"excerpt":{"rendered":"<p>Tras dos a\u00f1os de cierre, y cumpliendo un compromiso entre nuestra regi\u00f3n y la Provincia de San Juan, Argentina, se abri\u00f3 oficialmente el camino al tr\u00e1nsito con todas las condiciones de seguridad. Apenas culmin\u00f3 la ceremonia de apertura del Paso de Agua Negra, a m\u00e1s de 4500 metros sobre el<\/p>\n","protected":false},"author":1,"featured_media":2695,"comment_status":"closed","ping_status":"open","sticky":false,"template":"","format":"standard","meta":{"footnotes":""},"categories":[1],"tags":[],"class_list":["post-2693","post","type-post","status-publish","format-standard","has-post-thumbnail","hentry","category-noticias-regionales"],"_links":{"self":[{"href":"https:\/\/minutaregional.cl\/index.php?rest_route=\/wp\/v2\/posts\/2693","targetHints":{"allow":["GET"]}}],"collection":[{"href":"https:\/\/minutaregional.cl\/index.php?rest_route=\/wp\/v2\/posts"}],"about":[{"href":"https:\/\/minutaregional.cl\/index.php?rest_route=\/wp\/v2\/types\/post"}],"author":[{"embeddable":true,"href":"https:\/\/minutaregional.cl\/index.php?rest_route=\/wp\/v2\/users\/1"}],"replies":[{"embeddable":true,"href":"https:\/\/minutaregional.cl\/index.php?rest_route=%2Fwp%2Fv2%2Fcomments&post=2693"}],"version-history":[{"count":1,"href":"https:\/\/minutaregional.cl\/index.php?rest_route=\/wp\/v2\/posts\/2693\/revisions"}],"predecessor-version":[{"id":2696,"href":"https:\/\/minutaregional.cl\/index.php?rest_route=\/wp\/v2\/posts\/2693\/revisions\/2696"}],"wp:featuredmedia":[{"embeddable":true,"href":"https:\/\/minutaregional.cl\/index.php?rest_route=\/wp\/v2\/media\/2695"}],"wp:attachment":[{"href":"https:\/\/minutaregional.cl\/index.php?rest_route=%2Fwp%2Fv2%2Fmedia&parent=2693"}],"wp:term":[{"taxonomy":"category","embeddable":true,"href":"https:\/\/minutaregional.cl\/index.php?rest_route=%2Fwp%2Fv2%2Fcategories&post=2693"},{"taxonomy":"post_tag","embeddable":true,"href":"https:\/\/minutaregional.cl\/index.php?rest_route=%2Fwp%2Fv2%2Ftags&post=2693"}],"curies":[{"name":"wp","href":"https:\/\/api.w.org\/{rel}","templated":true}]}}