{"id":2690,"date":"2022-12-07T23:56:34","date_gmt":"2022-12-07T23:56:34","guid":{"rendered":"https:\/\/minutaregional.cl\/?p=2690"},"modified":"2022-12-07T23:56:34","modified_gmt":"2022-12-07T23:56:34","slug":"aguas-del-valle-concluye-trabajos-y-se-retoma-transito-en-tramo-de-ruta-5-norte","status":"publish","type":"post","link":"https:\/\/minutaregional.cl\/?p=2690","title":{"rendered":"Aguas del Valle concluye trabajos y se retoma tr\u00e1nsito en tramo de Ruta 5 Norte"},"content":{"rendered":"<ul>\n<li style=\"text-align: justify;\">Cumpliendo con los plazos establecidos, la sanitaria entreg\u00f3 las obras a las autoridades.<\/li>\n<\/ul>\n<p style=\"text-align: justify;\"><strong>Coquimbo,Diciembre del 2022.<\/strong> El subgerente zonal de Aguas del Valle, Juan Pablo Jacob, junto al seremi del Ministerio de Obras P\u00fablicas (MOP), Javier Sandoval, anunciaron el fin de los trabajos de reposici\u00f3n del tramo del km 462 de la Ruta 5 Norte en Coquimbo rehabilitando la v\u00eda para el tr\u00e1nsito.<\/p>\n<p style=\"text-align: justify;\">\u201cFue una tarea dif\u00edcil, por el emplazamiento y la profundidad de la excavaci\u00f3n que tuvimos realizar. Trabajamos arduamente para cumplir con los plazos comprometidos con la comunidad y reanudar la circulaci\u00f3n en la ruta\u201d, explic\u00f3 Jacob.<\/p>\n<p style=\"text-align: justify;\">Por su parte, Sandoval indic\u00f3 que \u201cel trabajo coordinado entre los equipos y actores involucrados en poder brindar una soluci\u00f3n demostr\u00f3 que cuando se quiere se puede. Este fue un gran desaf\u00edo: buscamos mantener el alto est\u00e1ndar de esta ruta y reabrirla lo m\u00e1s pronto posible\u201d.<\/p>\n<p style=\"text-align: justify;\"><strong>Refuerzo del sistema de alcantarillado<\/strong><\/p>\n<p style=\"text-align: justify;\">Respecto del funcionamiento del sistema de alcantarillado del sector, Jacob indic\u00f3 que \u00aben el per\u00edmetro de la Ruta 5 operamos tres bypass, que nos permiten mantener la continuidad operacional, hasta que podamos materializar las soluciones definitivas que actualmente se encuentran en la etapa de ingenier\u00eda de detalle\u00bb.<\/p>\n<p style=\"text-align: justify;\">Aguas del Valle reiter\u00f3 su llamado a cuidar sistema de alcantarillado y record\u00f3 que se encontraron una serie de desechos en las redes aleda\u00f1as al sector, como piedras, palos, incluso ladrillos, que pueden causar obstrucciones y da\u00f1ar las tuber\u00edas.<\/p>\n","protected":false},"excerpt":{"rendered":"<p>Cumpliendo con los plazos establecidos, la sanitaria entreg\u00f3 las obras a las autoridades. Coquimbo,Diciembre del 2022. El subgerente zonal de Aguas del Valle, Juan Pablo Jacob, junto al seremi del Ministerio de Obras P\u00fablicas (MOP), Javier Sandoval, anunciaron el fin de los trabajos de reposici\u00f3n del tramo del km 462<\/p>\n","protected":false},"author":1,"featured_media":2691,"comment_status":"closed","ping_status":"open","sticky":false,"template":"","format":"standard","meta":{"footnotes":""},"categories":[45,1],"tags":[],"class_list":["post-2690","post","type-post","status-publish","format-standard","has-post-thumbnail","hentry","category-aguas-del-valle","category-noticias-regionales"],"_links":{"self":[{"href":"https:\/\/minutaregional.cl\/index.php?rest_route=\/wp\/v2\/posts\/2690","targetHints":{"allow":["GET"]}}],"collection":[{"href":"https:\/\/minutaregional.cl\/index.php?rest_route=\/wp\/v2\/posts"}],"about":[{"href":"https:\/\/minutaregional.cl\/index.php?rest_route=\/wp\/v2\/types\/post"}],"author":[{"embeddable":true,"href":"https:\/\/minutaregional.cl\/index.php?rest_route=\/wp\/v2\/users\/1"}],"replies":[{"embeddable":true,"href":"https:\/\/minutaregional.cl\/index.php?rest_route=%2Fwp%2Fv2%2Fcomments&post=2690"}],"version-history":[{"count":1,"href":"https:\/\/minutaregional.cl\/index.php?rest_route=\/wp\/v2\/posts\/2690\/revisions"}],"predecessor-version":[{"id":2692,"href":"https:\/\/minutaregional.cl\/index.php?rest_route=\/wp\/v2\/posts\/2690\/revisions\/2692"}],"wp:featuredmedia":[{"embeddable":true,"href":"https:\/\/minutaregional.cl\/index.php?rest_route=\/wp\/v2\/media\/2691"}],"wp:attachment":[{"href":"https:\/\/minutaregional.cl\/index.php?rest_route=%2Fwp%2Fv2%2Fmedia&parent=2690"}],"wp:term":[{"taxonomy":"category","embeddable":true,"href":"https:\/\/minutaregional.cl\/index.php?rest_route=%2Fwp%2Fv2%2Fcategories&post=2690"},{"taxonomy":"post_tag","embeddable":true,"href":"https:\/\/minutaregional.cl\/index.php?rest_route=%2Fwp%2Fv2%2Ftags&post=2690"}],"curies":[{"name":"wp","href":"https:\/\/api.w.org\/{rel}","templated":true}]}}