{"id":2682,"date":"2022-12-07T23:14:42","date_gmt":"2022-12-07T23:14:42","guid":{"rendered":"https:\/\/minutaregional.cl\/?p=2682"},"modified":"2022-12-07T23:19:46","modified_gmt":"2022-12-07T23:19:46","slug":"pdi-desbarata-clan-familiar-por-venta-de-droga-en-comercio-establecido-del-centro-de-coquimbo","status":"publish","type":"post","link":"https:\/\/minutaregional.cl\/?p=2682","title":{"rendered":"PDI DESBARATA CLAN FAMILIAR POR VENTA DE DROGA EN COMERCIO ESTABLECIDO DEL CENTRO DE COQUIMBO"},"content":{"rendered":"<audio class=\"wp-audio-shortcode\" id=\"audio-2682-1\" preload=\"none\" style=\"width: 100%;\" controls=\"controls\"><source type=\"audio\/mpeg\" src=\"https:\/\/minutaregional.cl\/wp-content\/uploads\/2022\/12\/CUNA-ALCALDE-MT0.mp3?_=1\" \/><a href=\"https:\/\/minutaregional.cl\/wp-content\/uploads\/2022\/12\/CUNA-ALCALDE-MT0.mp3\">https:\/\/minutaregional.cl\/wp-content\/uploads\/2022\/12\/CUNA-ALCALDE-MT0.mp3<\/a><\/audio>\n<p>AUDIO : ALCALDE DE COQUIMBO<\/p>\n<audio class=\"wp-audio-shortcode\" id=\"audio-2682-2\" preload=\"none\" style=\"width: 100%;\" controls=\"controls\"><source type=\"audio\/mpeg\" src=\"https:\/\/minutaregional.cl\/wp-content\/uploads\/2022\/12\/CUNA-FISCAL.mp3?_=2\" \/><a href=\"https:\/\/minutaregional.cl\/wp-content\/uploads\/2022\/12\/CUNA-FISCAL.mp3\">https:\/\/minutaregional.cl\/wp-content\/uploads\/2022\/12\/CUNA-FISCAL.mp3<\/a><\/audio>\n<p>AUDIO : Fiscal jefe de Coquimbo Claudio Correa<\/p>\n<audio class=\"wp-audio-shortcode\" id=\"audio-2682-3\" preload=\"none\" style=\"width: 100%;\" controls=\"controls\"><source type=\"audio\/mpeg\" src=\"https:\/\/minutaregional.cl\/wp-content\/uploads\/2022\/12\/CUNA-PDI-MT0.mp3?_=3\" \/><a href=\"https:\/\/minutaregional.cl\/wp-content\/uploads\/2022\/12\/CUNA-PDI-MT0.mp3\">https:\/\/minutaregional.cl\/wp-content\/uploads\/2022\/12\/CUNA-PDI-MT0.mp3<\/a><\/audio>\n<p>AUDIO : PDI MTO<\/p>\n<p style=\"text-align: justify;\">Operaci\u00f3n \u2018\u2019La Central\u2019\u2019 consider\u00f3 el allanamiento de 3 inmuebles y culmin\u00f3 con la incautaci\u00f3n de coca\u00edna base, cannabis, entre otros elementos decomisados.<\/p>\n<p style=\"text-align: justify;\">Tras 2 meses investigaci\u00f3n, detectives del grupo Microtr\u00e1fico Cero, gracias al trabajo de inteligencia policial lograron establecer que se utilizaban dos locales comerciales que aparentaban la venta de productos de aseo y abarrotes, pero esto era solo la fachada, pues en los mostradores, entre medio de galletas y confites o en las cajas de recaudaci\u00f3n, se encontraban ocultas las sustancias il\u00edcitas y dinero.<\/p>\n<p style=\"text-align: justify;\">La evidencia que logr\u00f3 reunir personal policial, gracias a la denuncia an\u00f3nima y confidencial de la comunidad, advirti\u00f3 que desde las 9 de la ma\u00f1ana en adelante comenzaban a llegar los compradores de la droga, quienes hac\u00edan fila antes de la apertura de los negocios, que funcionaban toda la jornada, hasta las 21 horas.<\/p>\n<p style=\"text-align: justify;\">En el operativo se intervino 3 domicilios, 2 de ellos dedicados al comercio en el sector c\u00e9ntrico y 1 inmueble utilizado de habitaci\u00f3n en la Parte Alta de la comuna. En relaci\u00f3n a los imputados, el Subprefecto Jos\u00e9 Ortega Urra, Jefe de la Brigada de Investigaci\u00f3n Criminal se\u00f1al\u00f3 que <strong>\u2018\u2019Fueron detenidas 3 personas, 2 mujeres y 1 hombre, todos blancos de investigaci\u00f3n, m\u00e1s un cuarto individuo que se encontraba comprando droga en ese momento, quien adem\u00e1s ten\u00eda una orden de detenci\u00f3n vigente por el delito de hurto\u2019\u2019.<\/strong><\/p>\n<p style=\"text-align: justify;\">Durante el procedimiento, personal policial logr\u00f3 incautar cannabis y coca\u00edna base, $55.220 de dinero en efectivo de diversa denominaci\u00f3n, 1 rifle y un 1 rev\u00f3lver, armamento que se remiti\u00f3 para el peritaje correspondiente al Laboratorio de Criminal\u00edstica Regional, adem\u00e1s de otros elementos usados en la dosificaci\u00f3n de la sustancia il\u00edcita.<\/p>\n<p style=\"text-align: justify;\">Al respecto, el Fiscal jefe de Coquimbo Claudio Correa, indic\u00f3 que <strong>\u2018\u2019Se logr\u00f3 desbaratar un clan familiar que operaba en el sector c\u00e9ntrico, donde m\u00e1s de 400 dosis de droga fueron incautadas. Por lo tanto, ha sido un trabajo exitoso de la Polic\u00eda de Investigaciones, dirigida por la Fiscal\u00eda de Coquimbo\u2019\u2019.<\/strong><\/p>\n<p style=\"text-align: justify;\">En relaci\u00f3n al rol que cumple la poblaci\u00f3n al cooperar, oportunamente, con el trabajo investigativo mediante la entrega de valiosa informaci\u00f3n, el alcalde de Coquimbo Al\u00ed Manoucheri, manifest\u00f3 la importancia que <strong>\u2018\u2019la comunidad sienta el respaldo de las instituciones. No tengo ninguna duda que de cada una de las denuncias que hacen los vecinos, se inicia un proceso investigativo, donde tenemos resultados como este\u2019\u2019.<\/strong><\/p>\n<p style=\"text-align: justify;\">Estos locales funcionaban en la intersecci\u00f3n de calles Henr\u00edquez con O\u00b4higgins, en el sector de Avenida Varela, cerca de un colegio, y una casa habitaci\u00f3n de la Parte Alta que serv\u00eda como lugar de acopio. Los detenidos fueron puestos a disposici\u00f3n del Juzgado de Garant\u00eda de Coquimbo y 3 imputados fueron formalizados por microtr\u00e1fico de drogas, y quedaron con medidas cautelares.<\/p>\n<p style=\"text-align: justify;\">\n","protected":false},"excerpt":{"rendered":"<p>AUDIO : ALCALDE DE COQUIMBO AUDIO : Fiscal jefe de Coquimbo Claudio Correa AUDIO : PDI MTO Operaci\u00f3n \u2018\u2019La Central\u2019\u2019 consider\u00f3 el allanamiento de 3 inmuebles y culmin\u00f3 con la incautaci\u00f3n de coca\u00edna base, cannabis, entre otros elementos decomisados. Tras 2 meses investigaci\u00f3n, detectives del grupo Microtr\u00e1fico Cero, gracias al<\/p>\n","protected":false},"author":1,"featured_media":2683,"comment_status":"closed","ping_status":"open","sticky":false,"template":"","format":"standard","meta":{"footnotes":""},"categories":[21,14],"tags":[],"class_list":["post-2682","post","type-post","status-publish","format-standard","has-post-thumbnail","hentry","category-municipalidades","category-pdi"],"_links":{"self":[{"href":"https:\/\/minutaregional.cl\/index.php?rest_route=\/wp\/v2\/posts\/2682","targetHints":{"allow":["GET"]}}],"collection":[{"href":"https:\/\/minutaregional.cl\/index.php?rest_route=\/wp\/v2\/posts"}],"about":[{"href":"https:\/\/minutaregional.cl\/index.php?rest_route=\/wp\/v2\/types\/post"}],"author":[{"embeddable":true,"href":"https:\/\/minutaregional.cl\/index.php?rest_route=\/wp\/v2\/users\/1"}],"replies":[{"embeddable":true,"href":"https:\/\/minutaregional.cl\/index.php?rest_route=%2Fwp%2Fv2%2Fcomments&post=2682"}],"version-history":[{"count":3,"href":"https:\/\/minutaregional.cl\/index.php?rest_route=\/wp\/v2\/posts\/2682\/revisions"}],"predecessor-version":[{"id":2689,"href":"https:\/\/minutaregional.cl\/index.php?rest_route=\/wp\/v2\/posts\/2682\/revisions\/2689"}],"wp:featuredmedia":[{"embeddable":true,"href":"https:\/\/minutaregional.cl\/index.php?rest_route=\/wp\/v2\/media\/2683"}],"wp:attachment":[{"href":"https:\/\/minutaregional.cl\/index.php?rest_route=%2Fwp%2Fv2%2Fmedia&parent=2682"}],"wp:term":[{"taxonomy":"category","embeddable":true,"href":"https:\/\/minutaregional.cl\/index.php?rest_route=%2Fwp%2Fv2%2Fcategories&post=2682"},{"taxonomy":"post_tag","embeddable":true,"href":"https:\/\/minutaregional.cl\/index.php?rest_route=%2Fwp%2Fv2%2Ftags&post=2682"}],"curies":[{"name":"wp","href":"https:\/\/api.w.org\/{rel}","templated":true}]}}