{"id":2673,"date":"2022-12-07T00:46:06","date_gmt":"2022-12-07T00:46:06","guid":{"rendered":"https:\/\/minutaregional.cl\/?p=2673"},"modified":"2022-12-07T00:46:06","modified_gmt":"2022-12-07T00:46:06","slug":"destinan-350-cupos-para-capacitar-a-futuros-maestros-y-maestras-de-la-construccion","status":"publish","type":"post","link":"https:\/\/minutaregional.cl\/?p=2673","title":{"rendered":"Destinan 350 cupos para capacitar a futuros maestros y maestras de la construcci\u00f3n"},"content":{"rendered":"<ul>\n<li style=\"text-align: justify;\"><em>Los cursos, que no tienen costo para los\/as beneficiarios\/as, ser\u00e1n implementados a trav\u00e9s del Servicio Nacional de Capacitaci\u00f3n y Empleo (Sence) y estar\u00e1n disponibles para su postulaci\u00f3n en www.sence.cl<\/em><\/li>\n<\/ul>\n<p style=\"text-align: justify;\">En una visita a las obras Monjitas II en el sector de Las Compa\u00f1\u00edas en La Serena, las autoridades anunciaron el programa gratuito de capacitaci\u00f3n Maestros y Maestras para la Construcci\u00f3n de Viviendas de Calidad, que busca ampliar oportunidades laborales de mujeres y hombres en oficios de dicho sector econ\u00f3mico. La iniciativa, que tendr\u00e1 un alcance nacional, considera para la regi\u00f3n de Coquimbo 350 cupos, los que en una primera etapa se concentrar\u00e1n en la conurbaci\u00f3n La Serena-Coquimbo.<\/p>\n<p style=\"text-align: justify;\">El delegado presidencial regional, Rub\u00e9n Quezada, valor\u00f3 el programa de capacitaci\u00f3n ideado por las carteras del Trabajo, y Vivienda, junto a la C\u00e1mara Chilena de la Construcci\u00f3n, enfatizando que <em>\u201ctenemos una gran tarea a nivel pa\u00eds, el Plan de Emergencia Habitacional va a requerir de un gran esfuerzo, y no solamente a nivel de instituciones, el d\u00eda de hoy gracias a Sence y una coordinaci\u00f3n con la C\u00e1mara Chilena de la Construcci\u00f3n y m\u00faltiples otras instancias podemos poner a disposici\u00f3n a la regi\u00f3n de Coquimbo, en una primera instancia, de 350 cupos para la capacitaci\u00f3n de hombres y mujeres en labores de maestros y maestras de la construcci\u00f3n, para sacar adelante esta tarea\u201d.<\/em><\/p>\n<p style=\"text-align: justify;\">En tanto, la seremi del Trabajo y Previsi\u00f3n Social, Claudia Santander, explic\u00f3 que <em>\u201cestamos haciendo un llamado a inscribirse en los cursos de capacitaci\u00f3n que va a realizar Sence, Maestros y maestras de la construcci\u00f3n. Hay de 350 cupos para nuestra regi\u00f3n y dentro de ellos tenemos maestro alba\u00f1il, maestro de instalaciones sanitarias\u2026 la idea es que inscriban hombres y mujeres, nos interesa much\u00edsimo poder hacer un llamado a las mujeres porque este plan tiene una perspectiva de g\u00e9nero\u201d.<\/em><\/p>\n<p style=\"text-align: justify;\">Yordana Araya, en su rol como seremi (S) de Vivienda y Urbanismo, destac\u00f3 que <em>\u00abesta instancia apunta directamente al cumplimiento y lograr abordar nuestro Plan de Emergencia Habitacional, que a nivel pa\u00eds son cerca de 260 mil soluciones habitacional y para nuestra regi\u00f3n comprenden 12.490 soluciones y eso amerita aunar esfuerzos tanto p\u00fablico como privados\u201d.<\/em><\/p>\n<p style=\"text-align: justify;\">El gerente regional de la C\u00e1mara Chilena de la Construcci\u00f3n sede La Serena, Miguel Cantuarias, plante\u00f3 que <em>\u201cen cuanto el Gobierno nos llam\u00f3 a este desaf\u00edo, este plan de emergencia, la C\u00e1mara se sum\u00f3 inmediatamente, y tambi\u00e9n, esto va a contribuir a la reactivaci\u00f3n econ\u00f3mica, mantener el empleo, tener la posibilidad tambi\u00e9n de incorporar a la mujer en obra, y creemos que la capacitaci\u00f3n y la formaci\u00f3n tiene que ser permanente en el tiempo\u201d.<\/em><\/p>\n<p style=\"text-align: justify;\">Los cursos que se dictar\u00e1n en la zona son Maestro ceramista, Maestro trazador, Maestro en instalaciones sanitarias y Maestro alba\u00f1il; y comprenden una duraci\u00f3n en promedio entre 90 y 130 horas e incluir\u00e1n, adem\u00e1s de la formaci\u00f3n en el oficio escogido, habilidades transversales, que permitan el desarrollo laboral de sus egresadas y egresados. Los 350 cupos destinados para la regi\u00f3n bordean los 234 millones de pesos como inversi\u00f3n.<\/p>\n<p style=\"text-align: justify;\"><strong>Fuerza laboral femenina<\/strong><\/p>\n<p style=\"text-align: justify;\">En el lanzamiento participaron mujeres trabajadoras del rubro de la construcci\u00f3n, quienes contaron su experiencia trabajando en un sector tradicionalmente ligado a los hombres, puesto que uno de los objetivos de este programa es incorporar una alta tasa de participaci\u00f3n femenina.<\/p>\n<p style=\"text-align: justify;\"><em>\u201cLlevo much\u00edsimos a\u00f1os, por lo menos unos siete a\u00f1os, entr\u00e9 trabajando en aseo y de ah\u00ed me fui especializando en lo que era el sello y bueno, a m\u00ed me gusta, no solamente el hombre puede hacerlo, tambi\u00e9n nosotras podemos lograr lo que nosotras queramos\u201d,<\/em> manifest\u00f3 Ana Z\u00e1rate, una trabajadora que realiza labores de sellado.<\/p>\n<p style=\"text-align: justify;\">El gerente de Constructora Guzm\u00e1n, Cristian Urbina, explic\u00f3 que la empresa cuenta con una dotaci\u00f3n de mano de obra femenina que supera el 30%, \u00a0e indic\u00f3 que <em>\u201ctrabajos de oficios en la construcci\u00f3n orientados a mujeres, la verdad es que ha habido hist\u00f3ricamente pocos, y hoy d\u00eda, con programas de integraci\u00f3n, cuesti\u00f3n que para nosotros es importante porque cumplen un rol relevante en el desarrollo familiar, en ser el sustento econ\u00f3mico\u201d.<\/em><\/p>\n<p style=\"text-align: justify;\">Finalmente, cabe destacar que esta iniciativa se enmarca en el Plan de Emergencia Habitacional, estrategia del Estado que abordar\u00e1 con urgencia el d\u00e9ficit de viviendas en Chile y que busca construir 260 mil soluciones habitacionales en todo el pa\u00eds.<\/p>\n<p style=\"text-align: justify;\"><strong>Sobre los cursos:<\/strong><\/p>\n<p style=\"text-align: justify;\">\n<table>\n<tbody>\n<tr>\n<td width=\"319\"><strong>Curso\/oficio<\/strong><\/td>\n<td width=\"112\"><strong>Cupos<\/strong><\/td>\n<\/tr>\n<tr>\n<td width=\"319\">Maestro alba\u00f1il<\/td>\n<td width=\"112\">25<\/td>\n<\/tr>\n<tr>\n<td width=\"319\">Maestro ceramista<\/td>\n<td width=\"112\">100<\/td>\n<\/tr>\n<tr>\n<td width=\"319\">Maestro de instalaciones sanitarias<\/td>\n<td width=\"112\">100<\/td>\n<\/tr>\n<tr>\n<td width=\"319\">Maestro trazador<\/td>\n<td width=\"112\">125<\/td>\n<\/tr>\n<\/tbody>\n<\/table>\n<p style=\"text-align: justify;\"><strong>Requisitos<\/strong><\/p>\n<ul style=\"text-align: justify;\">\n<li>Pertenecer al 60% m\u00e1s vulnerable seg\u00fan Registro Social de Hogares (RSH),<\/li>\n<li>No tener estudios de educaci\u00f3n superior o estar cursando,<\/li>\n<li>Tener disponibilidad horaria para asistir a clases.<\/li>\n<\/ul>\n<p style=\"text-align: justify;\"><strong>Beneficios<\/strong><\/p>\n<ul style=\"text-align: justify;\">\n<li>Subsidio de movilizaci\u00f3n y\/o colaci\u00f3n $4.000 por d\u00eda asistido,<\/li>\n<li>Subsidio de cuidado infantil de $5.000 por participante y d\u00eda asistido (para hijos\/as menores de seis a\u00f1os),<\/li>\n<li>Seguro contra accidentes.<\/li>\n<\/ul>\n<p style=\"text-align: justify;\"><strong>Postulaciones en <\/strong><a href=\"http:\/\/www.sence.cl\/personas\/sectorial-construccion\"><strong>www.sence.cl\/personas\/sectorial-construccion<\/strong><\/a><\/p>\n","protected":false},"excerpt":{"rendered":"<p>Los cursos, que no tienen costo para los\/as beneficiarios\/as, ser\u00e1n implementados a trav\u00e9s del Servicio Nacional de Capacitaci\u00f3n y Empleo (Sence) y estar\u00e1n disponibles para su postulaci\u00f3n en www.sence.cl En una visita a las obras Monjitas II en el sector de Las Compa\u00f1\u00edas en La Serena, las autoridades anunciaron el<\/p>\n","protected":false},"author":1,"featured_media":2674,"comment_status":"closed","ping_status":"open","sticky":false,"template":"","format":"standard","meta":{"footnotes":""},"categories":[1],"tags":[],"class_list":["post-2673","post","type-post","status-publish","format-standard","has-post-thumbnail","hentry","category-noticias-regionales"],"_links":{"self":[{"href":"https:\/\/minutaregional.cl\/index.php?rest_route=\/wp\/v2\/posts\/2673","targetHints":{"allow":["GET"]}}],"collection":[{"href":"https:\/\/minutaregional.cl\/index.php?rest_route=\/wp\/v2\/posts"}],"about":[{"href":"https:\/\/minutaregional.cl\/index.php?rest_route=\/wp\/v2\/types\/post"}],"author":[{"embeddable":true,"href":"https:\/\/minutaregional.cl\/index.php?rest_route=\/wp\/v2\/users\/1"}],"replies":[{"embeddable":true,"href":"https:\/\/minutaregional.cl\/index.php?rest_route=%2Fwp%2Fv2%2Fcomments&post=2673"}],"version-history":[{"count":2,"href":"https:\/\/minutaregional.cl\/index.php?rest_route=\/wp\/v2\/posts\/2673\/revisions"}],"predecessor-version":[{"id":2676,"href":"https:\/\/minutaregional.cl\/index.php?rest_route=\/wp\/v2\/posts\/2673\/revisions\/2676"}],"wp:featuredmedia":[{"embeddable":true,"href":"https:\/\/minutaregional.cl\/index.php?rest_route=\/wp\/v2\/media\/2674"}],"wp:attachment":[{"href":"https:\/\/minutaregional.cl\/index.php?rest_route=%2Fwp%2Fv2%2Fmedia&parent=2673"}],"wp:term":[{"taxonomy":"category","embeddable":true,"href":"https:\/\/minutaregional.cl\/index.php?rest_route=%2Fwp%2Fv2%2Fcategories&post=2673"},{"taxonomy":"post_tag","embeddable":true,"href":"https:\/\/minutaregional.cl\/index.php?rest_route=%2Fwp%2Fv2%2Ftags&post=2673"}],"curies":[{"name":"wp","href":"https:\/\/api.w.org\/{rel}","templated":true}]}}