{"id":2668,"date":"2022-12-03T23:41:47","date_gmt":"2022-12-03T23:41:47","guid":{"rendered":"https:\/\/minutaregional.cl\/?p=2668"},"modified":"2022-12-03T23:41:47","modified_gmt":"2022-12-03T23:41:47","slug":"presidente-gabriel-boric-y-ministra-vallejo-encabezaron-cuenta-de-gestion-en-participacion-ciudadana-del-gobierno","status":"publish","type":"post","link":"https:\/\/minutaregional.cl\/?p=2668","title":{"rendered":"Presidente Gabriel Boric y ministra Vallejo encabezaron Cuenta de Gesti\u00f3n en Participaci\u00f3n Ciudadana del Gobierno"},"content":{"rendered":"<p style=\"text-align: justify;\"><strong><em>La instancia, en la que participaron m\u00e1s de 600 dirigentes sociales, estuvo marcada por el mensaje del Mandatario y de la ministra vocera de Gobierno sobre la importancia de la participaci\u00f3n ciudadana para las reformas que impulsa actualmente el Ejecutivo.<\/em><\/strong><\/p>\n<p style=\"text-align: justify;\"><strong>Diciembre de 2022.- <\/strong>Con la presencia del Presidente de la Rep\u00fablica, Gabriel Boric, en la explanada del Museo Nacional de Historia Natural, ubicado en el Parque Quinta Normal, se realiz\u00f3 la Cuenta de Gesti\u00f3n en Participaci\u00f3n Ciudadana 2022, realizada, como corresponde cada a\u00f1o, por el Ministerio Secretar\u00eda General de Gobierno (Segegob), y liderada en esta versi\u00f3n por la ministra Camila Vallejo.<\/p>\n<p style=\"text-align: justify;\">La actividad -que tambi\u00e9n estuvo encabezada por la subsecretaria de la Segegob, Valeska Naranjo, y la directora de Divisi\u00f3n de Organizaciones Sociales, Javiera Hausdorf- responde a un requerimiento anual: seg\u00fan establece la Ley N\u00ba 20.500, Segegob tiene la responsabilidad de entregar informaci\u00f3n detallada sobre la participaci\u00f3n ciudadana en la gesti\u00f3n p\u00fablica que se realiza a trav\u00e9s de los ministerios y servicios del Estado que en total suman 188 organismos.<\/p>\n<p style=\"text-align: justify;\">En su presentaci\u00f3n, frente a m\u00e1s de 600 dirigentes sociales y diversas autoridades, la ministra Vallejo se\u00f1al\u00f3 que \u00abuna de las principales prioridades de nuestro Gobierno es que los ciudadanos sean part\u00edcipes de decisiones que en el corto, mediano y largo plazo los beneficien directamente. Ha ocurrido as\u00ed, por ejemplo, con los fondos concursables que hemos dispuesto como Ministerio, donde casi 1.300 organizaciones se vieron beneficiadas durante el presente a\u00f1o\u00bb.<\/p>\n<p style=\"text-align: justify;\">\u201cQuiero destacar lo importante y lo clave que es el rol de las organizaciones sociales. A trav\u00e9s de ellas se construyen y levantan mejores pol\u00edticas p\u00fablicas y con eso se fortalece la democracia. No hay democracia robusta sin las organizaciones sociales. Conf\u00edamos en ustedes\u201d, agreg\u00f3 la titular de la Segegob.<\/p>\n<p style=\"text-align: justify;\">En la misma l\u00ednea, el Presidente Gabriel Boric destac\u00f3 la importancia de esta cuenta y se\u00f1al\u00f3 que espera que la participaci\u00f3n ciudadana sea el sello de su Gobierno. \u201cLa participaci\u00f3n ciudadana no es un favor que les estamos haciendo nosotros desde el Estado a ustedes, es un derecho que el pueblo organizado se ha ganado y que adem\u00e1s incide en tener mejores pol\u00edticas p\u00fablicas\u201d, asegur\u00f3 el Mandatario.<\/p>\n<p style=\"text-align: justify;\"><strong>Cierre de los Fondos Concursables 2022<\/strong><\/p>\n<p style=\"text-align: justify;\"><strong>\u00a0<\/strong>En paralelo a la presentaci\u00f3n de la Cuenta de Participaci\u00f3n Ciudadana, se realiz\u00f3, tambi\u00e9n en el Parque Quinta Normal, la feria de cierre de los Fondos Concursables 2022 otorgados por la Segegob. En dicha actividad participaron una veintena de<\/p>\n<p style=\"text-align: justify;\">stands de organizaciones sociales que se adjudicaron los concursos del Fondo de Fortalecimiento de Organizaciones de Inter\u00e9s P\u00fablico y del Fondo de Medios de Comunicaci\u00f3n Social, que en conjunto beneficiaron a 1.296 organizaciones con cerca de 3.200 millones de pesos repartidos en total a nivel nacional.<\/p>\n<p style=\"text-align: justify;\">En la instancia tambi\u00e9n se expusieron emprendimientos de mujeres provenientes de diversas comunas de la Regi\u00f3n Metropolitana con el objetivo de visibilizar su trabajo y fomentar su inclusi\u00f3n en el mercado. Asimismo, hubo stand informativos de la Segegob y de la Divisi\u00f3n de Organizaciones Sociales (DOS) -dependiente del Ministerio-, as\u00ed como tambi\u00e9n de la Corporaci\u00f3n Santiago 2023, instituci\u00f3n encargada de la organizaci\u00f3n de los Juegos Panamericanos y los Parapanamericanos del pr\u00f3ximo a\u00f1o.<\/p>\n","protected":false},"excerpt":{"rendered":"<p>La instancia, en la que participaron m\u00e1s de 600 dirigentes sociales, estuvo marcada por el mensaje del Mandatario y de la ministra vocera de Gobierno sobre la importancia de la participaci\u00f3n ciudadana para las reformas que impulsa actualmente el Ejecutivo. Diciembre de 2022.- Con la presencia del Presidente de la<\/p>\n","protected":false},"author":1,"featured_media":2669,"comment_status":"closed","ping_status":"open","sticky":false,"template":"","format":"standard","meta":{"footnotes":""},"categories":[1],"tags":[],"class_list":["post-2668","post","type-post","status-publish","format-standard","has-post-thumbnail","hentry","category-noticias-regionales"],"_links":{"self":[{"href":"https:\/\/minutaregional.cl\/index.php?rest_route=\/wp\/v2\/posts\/2668","targetHints":{"allow":["GET"]}}],"collection":[{"href":"https:\/\/minutaregional.cl\/index.php?rest_route=\/wp\/v2\/posts"}],"about":[{"href":"https:\/\/minutaregional.cl\/index.php?rest_route=\/wp\/v2\/types\/post"}],"author":[{"embeddable":true,"href":"https:\/\/minutaregional.cl\/index.php?rest_route=\/wp\/v2\/users\/1"}],"replies":[{"embeddable":true,"href":"https:\/\/minutaregional.cl\/index.php?rest_route=%2Fwp%2Fv2%2Fcomments&post=2668"}],"version-history":[{"count":2,"href":"https:\/\/minutaregional.cl\/index.php?rest_route=\/wp\/v2\/posts\/2668\/revisions"}],"predecessor-version":[{"id":2671,"href":"https:\/\/minutaregional.cl\/index.php?rest_route=\/wp\/v2\/posts\/2668\/revisions\/2671"}],"wp:featuredmedia":[{"embeddable":true,"href":"https:\/\/minutaregional.cl\/index.php?rest_route=\/wp\/v2\/media\/2669"}],"wp:attachment":[{"href":"https:\/\/minutaregional.cl\/index.php?rest_route=%2Fwp%2Fv2%2Fmedia&parent=2668"}],"wp:term":[{"taxonomy":"category","embeddable":true,"href":"https:\/\/minutaregional.cl\/index.php?rest_route=%2Fwp%2Fv2%2Fcategories&post=2668"},{"taxonomy":"post_tag","embeddable":true,"href":"https:\/\/minutaregional.cl\/index.php?rest_route=%2Fwp%2Fv2%2Ftags&post=2668"}],"curies":[{"name":"wp","href":"https:\/\/api.w.org\/{rel}","templated":true}]}}