{"id":2662,"date":"2022-12-03T13:12:13","date_gmt":"2022-12-03T13:12:13","guid":{"rendered":"https:\/\/minutaregional.cl\/?p=2662"},"modified":"2022-12-03T13:13:52","modified_gmt":"2022-12-03T13:13:52","slug":"miles-de-cabritas-pasaron-por-las-calles-de-illapel-en-la-conmemoracion-del-dia-de-la-trashumancia","status":"publish","type":"post","link":"https:\/\/minutaregional.cl\/?p=2662","title":{"rendered":"Miles de cabritas pasaron por las calles de Illapel  en la conmemoraci\u00f3n del D\u00eda de la Trashumancia"},"content":{"rendered":"<ul>\n<li><strong>La comunidad illapelina despidi\u00f3 a los crianceros que parten a la cordillera con su ganado, en una tradici\u00f3n que complet\u00f3 doce versiones.<\/strong><\/li>\n<\/ul>\n<p>Los ni\u00f1os y ni\u00f1as del jard\u00edn infantil \u201cCarrusel\u201d estaban ansiosos. Ubicados en la calle Los \u00c1lamos de Illapel, los p\u00e1rvulos esperaban el paso de las 2.000 cabras y cabritos que fueron, junto a 30 crianceros, los protagonistas de la d\u00e9cimo segunda versi\u00f3n del D\u00eda de la Trashumancia y del Criancero Caprino.<\/p>\n<p>La actividad, organizada por la Municipalidad de Illapel, es una instancia creada para reconocer el aporte de las familias crianceras a la econom\u00eda local y a las tradiciones comunales, adem\u00e1s de ser una oportunidad para que los vecinos y vecinas, adem\u00e1s de visitantes de toda la regi\u00f3n y el pa\u00eds, puedan disfrutar de las costumbres campesinas de nuestra zona.<\/p>\n<p>Luego de su paso por la plaza de armas y el centro de la ciudad, los crianceros y su ganado se dirigieron al parque Ambrosio O\u2019Higgins, donde se realiz\u00f3 un acto conmemorativo que cont\u00f3 con la presencia de autoridades comunales y regionales. En su discurso a los presentes, el alcalde de Illapel, Denis Cort\u00e9s Aguilera, destac\u00f3 el orgullo que los habitantes de la comuna sienten por el mundo campesino y la labor que realizan los crianceros.<\/p>\n<p><strong>\u201cEsta actividad gener\u00f3 hoy que los ni\u00f1os salieran y se sientieran orgullosos de nuestros crianceros, que ni\u00f1os y j\u00f3venes hoy acompa\u00f1aran a sus pap\u00e1s, t\u00edos y abuelos (crianceros) a pasar por el centro de la ciudad (\u2026) esta actividad tiene ese tan lindo y precioso. Nosotros, en esta ciudad, so\u00f1amos con grandes obras, pero no nos queremos olvidar quienes somos y desde donde venimos\u201d<\/strong>, manifest\u00f3 el jefe comunal illapelino.<\/p>\n<p>&nbsp;<\/p>\n<p>Los m\u00e1s contentos con la celebraci\u00f3n fueron los crianceros y crianceras que, previo a su partida a la cordillera en busca de mejor pasto para su ganado, reconocen el aporte que la actividad ha significado en el incremento de la valoraci\u00f3n que la comunidad hace de su centenaria actividad.<\/p>\n<p>&nbsp;<\/p>\n<p><strong>\u201cQuiero agradecer a Illapel en general, y a todos los crianceros, que han participado en esta actividad que es muy bonita (\u2026) Desde que se inici\u00f3 esta (fiesta de la) trashumancia, los crianceros fueron mirados de otra manera, m\u00e1s alegre para nosotros, y nos sentimos orgullosos\u201d<\/strong>, plante\u00f3 el presidente de la Cooperativa de Trashumantes de Illapel, Domingo Barraza.<\/p>\n<p>&nbsp;<\/p>\n<p>El segundo d\u00eda de actividades por la fiesta de la Trashumancia y del Criancero Caprino en Illapel tambi\u00e9n consider\u00f3 la instalaci\u00f3n de stands de artesanos y emprendedores locales, adem\u00e1s de distintas alternativas gastron\u00f3micas a quienes llegaron hasta el parque Ambrosio O\u2019Higgins. La m\u00fasica del popular grupo \u201cLos Chacareros de Paine\u201d, \u201cAlex y el Clan Azabache\u201d y artistas illapelinos armaron una verdadera fiesta chilena \u00a0hasta el cierre de la jornada.<\/p>\n<p>&nbsp;<\/p>\n<p>&nbsp;<\/p>\n<p>&nbsp;<\/p>\n","protected":false},"excerpt":{"rendered":"<p>La comunidad illapelina despidi\u00f3 a los crianceros que parten a la cordillera con su ganado, en una tradici\u00f3n que complet\u00f3 doce versiones. Los ni\u00f1os y ni\u00f1as del jard\u00edn infantil \u201cCarrusel\u201d estaban ansiosos. Ubicados en la calle Los \u00c1lamos de Illapel, los p\u00e1rvulos esperaban el paso de las 2.000 cabras y<\/p>\n","protected":false},"author":1,"featured_media":2664,"comment_status":"closed","ping_status":"open","sticky":false,"template":"","format":"standard","meta":{"footnotes":""},"categories":[21,1],"tags":[],"class_list":["post-2662","post","type-post","status-publish","format-standard","has-post-thumbnail","hentry","category-municipalidades","category-noticias-regionales"],"_links":{"self":[{"href":"https:\/\/minutaregional.cl\/index.php?rest_route=\/wp\/v2\/posts\/2662","targetHints":{"allow":["GET"]}}],"collection":[{"href":"https:\/\/minutaregional.cl\/index.php?rest_route=\/wp\/v2\/posts"}],"about":[{"href":"https:\/\/minutaregional.cl\/index.php?rest_route=\/wp\/v2\/types\/post"}],"author":[{"embeddable":true,"href":"https:\/\/minutaregional.cl\/index.php?rest_route=\/wp\/v2\/users\/1"}],"replies":[{"embeddable":true,"href":"https:\/\/minutaregional.cl\/index.php?rest_route=%2Fwp%2Fv2%2Fcomments&post=2662"}],"version-history":[{"count":2,"href":"https:\/\/minutaregional.cl\/index.php?rest_route=\/wp\/v2\/posts\/2662\/revisions"}],"predecessor-version":[{"id":2667,"href":"https:\/\/minutaregional.cl\/index.php?rest_route=\/wp\/v2\/posts\/2662\/revisions\/2667"}],"wp:featuredmedia":[{"embeddable":true,"href":"https:\/\/minutaregional.cl\/index.php?rest_route=\/wp\/v2\/media\/2664"}],"wp:attachment":[{"href":"https:\/\/minutaregional.cl\/index.php?rest_route=%2Fwp%2Fv2%2Fmedia&parent=2662"}],"wp:term":[{"taxonomy":"category","embeddable":true,"href":"https:\/\/minutaregional.cl\/index.php?rest_route=%2Fwp%2Fv2%2Fcategories&post=2662"},{"taxonomy":"post_tag","embeddable":true,"href":"https:\/\/minutaregional.cl\/index.php?rest_route=%2Fwp%2Fv2%2Ftags&post=2662"}],"curies":[{"name":"wp","href":"https:\/\/api.w.org\/{rel}","templated":true}]}}