{"id":2659,"date":"2022-12-03T12:57:12","date_gmt":"2022-12-03T12:57:12","guid":{"rendered":"https:\/\/minutaregional.cl\/?p=2659"},"modified":"2022-12-03T12:57:12","modified_gmt":"2022-12-03T12:57:12","slug":"26-micro-y-pequenas-empresas-turisticas-de-la-comuna-de-canela-fueron-favorecidas-en-el-plan-de-recuperacion-inclusiva-chile-apoya-de-sercotec","status":"publish","type":"post","link":"https:\/\/minutaregional.cl\/?p=2659","title":{"rendered":"26 MICRO Y PEQUE\u00d1AS EMPRESAS TUR\u00cdSTICAS DE LA COMUNA DE CANELA FUERON FAVORECIDAS EN EL PLAN DE RECUPERACI\u00d3N INCLUSIVA CHILE APOYA DE SERCOTEC"},"content":{"rendered":"<p style=\"text-align: justify;\">En la ceremonia realizada en el Sal\u00f3n Cultural de Canela Baja, encabezada por el director regional Sercotec Pascal Lagunas y que cont\u00f3 con la asistencia del Alcalde Bernardo Leyton, el concejal <a href=\"https:\/\/web.facebook.com\/waldoenrique.contrerascortes?__cft__%5b0%5d=AZWB35cKR6d5U6zkmatnvV2n2KyWyMfAqJHcmPqIUVuXHH94tjXSxWn_8hNbd9tDLn5QWJHPXCEohQ03QKyESF0C0hd_1JhocTC77lHSrr2CVXoBEdjzb6crZMpbfvxwjF6EM4q3uR_0JDhEK1bO0Q5LX3vNqnpnjNQsisNLiC8oyw&amp;__tn__=-%5dK-R\">Waldo<\/a> Contreras y del Core David Mu\u00f1oz se destac\u00f3 que la comuna de Canela haya sido la tercera en la regi\u00f3n con m\u00e1s subsidios obtenidos tras las postulaciones, detr\u00e1s de La Serena y Coquimbo respectivamente, valorando el trabajo de la oficina municipal de Fomento Productivo.<\/p>\n<p style=\"text-align: justify;\">Es por este motivo que el alcalde de Canela, Bernardo Leyton se refiri\u00f3 a esta actividad \u201cEstamos muy contentos y tambi\u00e9n agradecidos, por las personas las empresas y empresarios de la comuna de Canela\u00a0 que han obtenido este fondo de Recupera Turismo, creo que el hecho de que seamos la tercera comuna despu\u00e9s de La Serena y Coquimbo, en cantidad de empresas beneficiadas creo que habla muy bien primero del inter\u00e9s de las emprendedoras emprendedores de postular a estos fondos y segundo tambi\u00e9n, creo que no es menor que nosotros desde la municipalidad fortalecimos el equipo de apoyo de fomento productivo, por lo tanto pueden ayudar en las consultas pueden cooperar, entregar informaci\u00f3n para que finalmente los proyectos sean construidos como corresponde, sean admisibles y finalmente puedan obtener los recursos que son muy importante\u201d.<\/p>\n<p style=\"text-align: justify;\">En esta oportunidad el equipo de Sercotec se dirigi\u00f3 hasta la comuna de Canela, para realizar la entrega a los 65 beneficiarios a nivel provincial que se desglosan de la siguiente manera por comuna: 8 Illapel, 15 Los Vilos, 16 Salamanca y 26 en Canela.<\/p>\n<p style=\"text-align: justify;\">El director regional de Sercotec, Pascal Lagunas destac\u00f3 que a nivel regional la cobertura de beneficiarios fueron 258 empresas con un total de presupuesto asignado de $ 1.032.000.000 y manifest\u00f3 lo siguiente \u201cCreemos que el turismo es sumamente relevante y por eso el gobierno pone las cartas en ellos, as\u00ed que le deseamos a los \u00a0emprendedores que han recibido estos beneficios por parte de Sercotec de este programa recupera turismo, que aprovechen su inversi\u00f3n y que en conjunto cierto obviamente es aqu\u00ed en adelante sus negocios para que le vaya bien a nuestra regi\u00f3n\u201d.<\/p>\n<p style=\"text-align: justify;\">Enmarcado en el plan de recuperaci\u00f3n inclusiva \u201cChile Apoya\u201d, el programa Recupera empresas Tur\u00edsticas que han visto afectado el normal desarrollo de sus actividades, priorizando a aquellas que a la fecha no han logrado recuperar su nivel de ventas debido a la situaci\u00f3n sanitaria que a\u00fan afecta al pa\u00eds, Sercotec otorga un subsidio de $ 4.000.000 para asistencia t\u00e9cnica y asesor\u00eda en gesti\u00f3n, capacitaci\u00f3n, acciones de marketing, compra de activos (tangibles e intangibles), habilitaci\u00f3n de infraestructura, remuneraciones, arriendos, materias primas y materiales, mercader\u00eda y servicios esenciales para el funcionamiento del negocio.<\/p>\n","protected":false},"excerpt":{"rendered":"<p>En la ceremonia realizada en el Sal\u00f3n Cultural de Canela Baja, encabezada por el director regional Sercotec Pascal Lagunas y que cont\u00f3 con la asistencia del Alcalde Bernardo Leyton, el concejal Waldo Contreras y del Core David Mu\u00f1oz se destac\u00f3 que la comuna de Canela haya sido la tercera en<\/p>\n","protected":false},"author":1,"featured_media":2660,"comment_status":"closed","ping_status":"open","sticky":false,"template":"","format":"standard","meta":{"footnotes":""},"categories":[21,1],"tags":[],"class_list":["post-2659","post","type-post","status-publish","format-standard","has-post-thumbnail","hentry","category-municipalidades","category-noticias-regionales"],"_links":{"self":[{"href":"https:\/\/minutaregional.cl\/index.php?rest_route=\/wp\/v2\/posts\/2659","targetHints":{"allow":["GET"]}}],"collection":[{"href":"https:\/\/minutaregional.cl\/index.php?rest_route=\/wp\/v2\/posts"}],"about":[{"href":"https:\/\/minutaregional.cl\/index.php?rest_route=\/wp\/v2\/types\/post"}],"author":[{"embeddable":true,"href":"https:\/\/minutaregional.cl\/index.php?rest_route=\/wp\/v2\/users\/1"}],"replies":[{"embeddable":true,"href":"https:\/\/minutaregional.cl\/index.php?rest_route=%2Fwp%2Fv2%2Fcomments&post=2659"}],"version-history":[{"count":1,"href":"https:\/\/minutaregional.cl\/index.php?rest_route=\/wp\/v2\/posts\/2659\/revisions"}],"predecessor-version":[{"id":2661,"href":"https:\/\/minutaregional.cl\/index.php?rest_route=\/wp\/v2\/posts\/2659\/revisions\/2661"}],"wp:featuredmedia":[{"embeddable":true,"href":"https:\/\/minutaregional.cl\/index.php?rest_route=\/wp\/v2\/media\/2660"}],"wp:attachment":[{"href":"https:\/\/minutaregional.cl\/index.php?rest_route=%2Fwp%2Fv2%2Fmedia&parent=2659"}],"wp:term":[{"taxonomy":"category","embeddable":true,"href":"https:\/\/minutaregional.cl\/index.php?rest_route=%2Fwp%2Fv2%2Fcategories&post=2659"},{"taxonomy":"post_tag","embeddable":true,"href":"https:\/\/minutaregional.cl\/index.php?rest_route=%2Fwp%2Fv2%2Ftags&post=2659"}],"curies":[{"name":"wp","href":"https:\/\/api.w.org\/{rel}","templated":true}]}}