{"id":2656,"date":"2022-12-03T12:44:25","date_gmt":"2022-12-03T12:44:25","guid":{"rendered":"https:\/\/minutaregional.cl\/?p=2656"},"modified":"2022-12-03T12:44:25","modified_gmt":"2022-12-03T12:44:25","slug":"diputado-manouchehri-ps-solicita-comision-investigadora-para-escandalo-de-la-polar","status":"publish","type":"post","link":"https:\/\/minutaregional.cl\/?p=2656","title":{"rendered":"Diputado Manouchehri (PS) solicita comisi\u00f3n investigadora para esc\u00e1ndalo de La Polar"},"content":{"rendered":"<p style=\"text-align: justify;\"><strong><em>\u201cNo es tolerable que millones de personas est\u00e9n en la inc\u00f3gnita de si compraron productos falsificados, saldos o de contrabando\u201d, asegur\u00f3 el integrante de la Comisi\u00f3n de Econom\u00eda de la C\u00e1mara.<\/em><\/strong><\/p>\n<p style=\"text-align: justify;\">El diputado socialista Daniel Manouchehri anunci\u00f3 la solicitud de una comisi\u00f3n investigadora en la C\u00e1mara de Diputados para abordar presuntos fraudes y contrabandos en el nuevo esc\u00e1ndalo de La Polar. En los \u00faltimos d\u00edas, diversas empresas transnacionales de ropa denunciaron que la multitienda estar\u00eda comercializando prendas, con sus marcas, falsificadas o de segunda mano, acusando la baja calidad de los productos.<\/p>\n<p style=\"text-align: justify;\">\u201cLos hechos son graves. No es tolerable que millones de personas hoy est\u00e9n en la inc\u00f3gnita de si los productos que compraron son falsos o productos de segunda mano. La Aduana habla de posible contrabando que involucrar\u00eda a La Polar. Nuevamente la multitienda est\u00e1 involucrada en un esc\u00e1ndalo que afecta a millones de consumidores\u201d, afirm\u00f3 Manouchehri.<\/p>\n<p style=\"text-align: justify;\">En esa l\u00ednea, el integrante de la Comisi\u00f3n de Econom\u00eda de la C\u00e1mara ratific\u00f3 que, \u201ca la luz de los hechos, he solicitado una comisi\u00f3n investigadora de la C\u00e1mara de Diputados para conocer de eventuales falsificaciones, fraudes y contrabandos por parte de la multitienda La Polar. De esta manera vamos a fiscalizar y conocer los graves antecedentes que circulan por los medios de comunicaci\u00f3n\u201d.<\/p>\n<p style=\"text-align: justify;\">En la solicitud, el diputado por la Regi\u00f3n de Coquimbo citar\u00e1 al Ministerio de Interior y Seguridad P\u00fablica, y a los siguientes servicios: Unidad de An\u00e1lisis Financiero, Servicio Nacional de Aduanas, Servicio Nacional del Consumidor (SERNAC), Polic\u00eda de Investigaciones de Chile (PDI), Ministerio Publico y Servicio de Impuestos Internos (SII). Sin perjuicio de los dem\u00e1s organismos que resulten competentes, relacionados con las operaciones de la empresa La Polar S.A. y otras relativas a la venta de productos falsificados en Chile.<\/p>\n","protected":false},"excerpt":{"rendered":"<p>\u201cNo es tolerable que millones de personas est\u00e9n en la inc\u00f3gnita de si compraron productos falsificados, saldos o de contrabando\u201d, asegur\u00f3 el integrante de la Comisi\u00f3n de Econom\u00eda de la C\u00e1mara. El diputado socialista Daniel Manouchehri anunci\u00f3 la solicitud de una comisi\u00f3n investigadora en la C\u00e1mara de Diputados para abordar<\/p>\n","protected":false},"author":1,"featured_media":2642,"comment_status":"closed","ping_status":"open","sticky":false,"template":"","format":"standard","meta":{"footnotes":""},"categories":[26],"tags":[],"class_list":["post-2656","post","type-post","status-publish","format-standard","has-post-thumbnail","hentry","category-camara-de-diputadas-y-diputados"],"_links":{"self":[{"href":"https:\/\/minutaregional.cl\/index.php?rest_route=\/wp\/v2\/posts\/2656","targetHints":{"allow":["GET"]}}],"collection":[{"href":"https:\/\/minutaregional.cl\/index.php?rest_route=\/wp\/v2\/posts"}],"about":[{"href":"https:\/\/minutaregional.cl\/index.php?rest_route=\/wp\/v2\/types\/post"}],"author":[{"embeddable":true,"href":"https:\/\/minutaregional.cl\/index.php?rest_route=\/wp\/v2\/users\/1"}],"replies":[{"embeddable":true,"href":"https:\/\/minutaregional.cl\/index.php?rest_route=%2Fwp%2Fv2%2Fcomments&post=2656"}],"version-history":[{"count":1,"href":"https:\/\/minutaregional.cl\/index.php?rest_route=\/wp\/v2\/posts\/2656\/revisions"}],"predecessor-version":[{"id":2658,"href":"https:\/\/minutaregional.cl\/index.php?rest_route=\/wp\/v2\/posts\/2656\/revisions\/2658"}],"wp:featuredmedia":[{"embeddable":true,"href":"https:\/\/minutaregional.cl\/index.php?rest_route=\/wp\/v2\/media\/2642"}],"wp:attachment":[{"href":"https:\/\/minutaregional.cl\/index.php?rest_route=%2Fwp%2Fv2%2Fmedia&parent=2656"}],"wp:term":[{"taxonomy":"category","embeddable":true,"href":"https:\/\/minutaregional.cl\/index.php?rest_route=%2Fwp%2Fv2%2Fcategories&post=2656"},{"taxonomy":"post_tag","embeddable":true,"href":"https:\/\/minutaregional.cl\/index.php?rest_route=%2Fwp%2Fv2%2Ftags&post=2656"}],"curies":[{"name":"wp","href":"https:\/\/api.w.org\/{rel}","templated":true}]}}