{"id":2651,"date":"2022-12-01T22:00:56","date_gmt":"2022-12-01T22:00:56","guid":{"rendered":"https:\/\/minutaregional.cl\/?p=2651"},"modified":"2022-12-01T22:00:56","modified_gmt":"2022-12-01T22:00:56","slug":"pdi-desarticula-banda-que-operaba-en-ovalle-tras-investigacion-de-equipo-microtrafico-cero","status":"publish","type":"post","link":"https:\/\/minutaregional.cl\/?p=2651","title":{"rendered":"PDI DESARTICULA BANDA QUE OPERABA EN OVALLE TRAS INVESTIGACI\u00d3N DE EQUIPO MICROTR\u00c1FICO CERO"},"content":{"rendered":"<audio class=\"wp-audio-shortcode\" id=\"audio-2651-1\" preload=\"none\" style=\"width: 100%;\" controls=\"controls\"><source type=\"audio\/mpeg\" src=\"https:\/\/minutaregional.cl\/wp-content\/uploads\/2022\/12\/AUDIO-PDI-MT0.mp3?_=1\" \/><a href=\"https:\/\/minutaregional.cl\/wp-content\/uploads\/2022\/12\/AUDIO-PDI-MT0.mp3\">https:\/\/minutaregional.cl\/wp-content\/uploads\/2022\/12\/AUDIO-PDI-MT0.mp3<\/a><\/audio>\n<p>AUDIO : PDI MT0<\/p>\n<audio class=\"wp-audio-shortcode\" id=\"audio-2651-2\" preload=\"none\" style=\"width: 100%;\" controls=\"controls\"><source type=\"audio\/mpeg\" src=\"https:\/\/minutaregional.cl\/wp-content\/uploads\/2022\/12\/AUDIO-FISCAL-MT0.mp3?_=2\" \/><a href=\"https:\/\/minutaregional.cl\/wp-content\/uploads\/2022\/12\/AUDIO-FISCAL-MT0.mp3\">https:\/\/minutaregional.cl\/wp-content\/uploads\/2022\/12\/AUDIO-FISCAL-MT0.mp3<\/a><\/audio>\n<p>AUDIO : FISCAL MT0<\/p>\n<p style=\"text-align: justify;\">Trabajo en conjunto con la comunidad y el Ministerio P\u00fablico permiti\u00f3 desarrollar la investigaci\u00f3n durante varios meses en dos poblaciones de la capital de la provincia de Limar\u00ed.<\/p>\n<p style=\"text-align: justify;\">La Operaci\u00f3n Pac\u00edfico intervino 5 domicilios en dos sectores residenciales de Ovalle. Este es el resultado del trabajo que realiz\u00f3 el equipo especialista del programa Microtr\u00e1fico Cero de la PDI que sigui\u00f3 de cerca los pasos de una banda dedicada a la venta de drogas en peque\u00f1as cantidades.<\/p>\n<p style=\"text-align: justify;\">Con los medios de prueba y evidencias de esta actividad il\u00edcita en las poblaciones Pac\u00edfico y Arizt\u00eda, el Ministerio P\u00fablico solicit\u00f3 la orden judicial para la entrada y registro a los inmuebles, dando cumplimiento a dicha autorizaci\u00f3n con refuerzos de toda la regi\u00f3n policial.<\/p>\n<p style=\"text-align: justify;\"><strong>\u201cGracias al trabajo colaborativo que tenemos con la PDI y la agrupaci\u00f3n MT0, en base a las diligencias que realizaron, informaci\u00f3n residual y los antecedentes entregados por la comunidad, se procedi\u00f3 con la incautaci\u00f3n de cannabis, pasta base de coca\u00edna, ketamina (conocida como tusi), armas de fuego, una de fabricaci\u00f3n artesanal y otra a fogueo, apta para el disparo\u201d,<\/strong> se\u00f1al\u00f3 Carlos Jim\u00e9nez, fiscal jefe de Ovalle.<\/p>\n<p style=\"text-align: justify;\"><strong>\u201cDentro de la investigaci\u00f3n de los detectives de MT0, logramos establecer que estas bandas utilizan armamento para proteger su negocio il\u00edcito, y para ello se hacen de una red de consumidores que les realizan la labor de vigilancia y protecci\u00f3n ante la presencia de bandas rivales\u201d,<\/strong> se\u00f1al\u00f3 el subprefecto Daniel Leal, jefe de la Brigada de Investigaci\u00f3n Criminal Ovalle.<\/p>\n<p style=\"text-align: justify;\">Tras la irrupci\u00f3n en los inmuebles, el trabajo especialista en Microtr\u00e1fico Cero consider\u00f3 una b\u00fasqueda en cada rinc\u00f3n de los inmuebles. En uno de los roperos, de un segundo piso, los detectives encontraron un fondo falso donde ocultaban parte de la droga y en otro domicilio, al ver la presencia policial, un residente trat\u00f3 de eliminar la coca\u00edna base esparci\u00e9ndola en el suelo.<\/p>\n<p style=\"text-align: justify;\">En definitiva, se incautaron m\u00e1s de 2 kilos de sustancias il\u00edcitas a granel y dosificadas en envoltorios de papel y bolsas pl\u00e1sticas, chaleco antibalas, cigarrillos de contrabando, municiones y m\u00e1s de 8 millones de pesos, en dinero en efectivo de distinta denominaci\u00f3n. 4 hombres, una mujer y un adolescente extranjero fueron detenidos en flagrancia por microtr\u00e1fico de drogas y por porte ilegal de arma de fuego.<\/p>\n<p style=\"text-align: justify;\">Desde la PDI reiteraron a la comunidad que es importante la denuncia an\u00f3nima y confidencial, entregando los antecedentes de manera oportuna para recuperar la tranquilidad de su barrio, llamando al *4242, el fono Denuncia Seguro.<\/p>\n","protected":false},"excerpt":{"rendered":"<p>AUDIO : PDI MT0 AUDIO : FISCAL MT0 Trabajo en conjunto con la comunidad y el Ministerio P\u00fablico permiti\u00f3 desarrollar la investigaci\u00f3n durante varios meses en dos poblaciones de la capital de la provincia de Limar\u00ed. La Operaci\u00f3n Pac\u00edfico intervino 5 domicilios en dos sectores residenciales de Ovalle. Este es<\/p>\n","protected":false},"author":1,"featured_media":2654,"comment_status":"closed","ping_status":"open","sticky":false,"template":"","format":"standard","meta":{"footnotes":""},"categories":[14],"tags":[],"class_list":["post-2651","post","type-post","status-publish","format-standard","has-post-thumbnail","hentry","category-pdi"],"_links":{"self":[{"href":"https:\/\/minutaregional.cl\/index.php?rest_route=\/wp\/v2\/posts\/2651","targetHints":{"allow":["GET"]}}],"collection":[{"href":"https:\/\/minutaregional.cl\/index.php?rest_route=\/wp\/v2\/posts"}],"about":[{"href":"https:\/\/minutaregional.cl\/index.php?rest_route=\/wp\/v2\/types\/post"}],"author":[{"embeddable":true,"href":"https:\/\/minutaregional.cl\/index.php?rest_route=\/wp\/v2\/users\/1"}],"replies":[{"embeddable":true,"href":"https:\/\/minutaregional.cl\/index.php?rest_route=%2Fwp%2Fv2%2Fcomments&post=2651"}],"version-history":[{"count":1,"href":"https:\/\/minutaregional.cl\/index.php?rest_route=\/wp\/v2\/posts\/2651\/revisions"}],"predecessor-version":[{"id":2655,"href":"https:\/\/minutaregional.cl\/index.php?rest_route=\/wp\/v2\/posts\/2651\/revisions\/2655"}],"wp:featuredmedia":[{"embeddable":true,"href":"https:\/\/minutaregional.cl\/index.php?rest_route=\/wp\/v2\/media\/2654"}],"wp:attachment":[{"href":"https:\/\/minutaregional.cl\/index.php?rest_route=%2Fwp%2Fv2%2Fmedia&parent=2651"}],"wp:term":[{"taxonomy":"category","embeddable":true,"href":"https:\/\/minutaregional.cl\/index.php?rest_route=%2Fwp%2Fv2%2Fcategories&post=2651"},{"taxonomy":"post_tag","embeddable":true,"href":"https:\/\/minutaregional.cl\/index.php?rest_route=%2Fwp%2Fv2%2Ftags&post=2651"}],"curies":[{"name":"wp","href":"https:\/\/api.w.org\/{rel}","templated":true}]}}