{"id":2645,"date":"2022-12-01T21:55:08","date_gmt":"2022-12-01T21:55:08","guid":{"rendered":"https:\/\/minutaregional.cl\/?p=2645"},"modified":"2022-12-01T21:56:35","modified_gmt":"2022-12-01T21:56:35","slug":"42-de-los-casos-de-vih-en-la-region-son-de-jovenes-entre-20-a-29-anos","status":"publish","type":"post","link":"https:\/\/minutaregional.cl\/?p=2645","title":{"rendered":"42% de los casos de VIH en la regi\u00f3n son de j\u00f3venes entre 20 a 29 a\u00f1os"},"content":{"rendered":"<p style=\"text-align: justify;\"><strong>En los \u00faltimos 5 a\u00f1os:<\/strong><\/p>\n<ul style=\"text-align: justify;\">\n<li><em>En el a\u00f1o 2021, por cada mujer notificada de VIH-SIDA se registran 6 hombres en esta condici\u00f3n.<\/em><\/li>\n<\/ul>\n<p style=\"text-align: justify;\">En el marco del D\u00eda Mundial del SIDA, el Ministerio de Salud reiter\u00f3 el compromiso y trabajo por la detecci\u00f3n y control de los casos de VIH, con el reforzamiento de la pesquisa de esta enfermedad en la poblaci\u00f3n juvenil.<\/p>\n<p style=\"text-align: justify;\">Es por esto, que las autoridades de la regi\u00f3n, encabezadas por el Delegado Rub\u00e9n Quezada y la Seremi de Salud Paola Salas, visitaron la Universidad de La Serena, lugar donde se realiz\u00f3 un operativo de test r\u00e1pido de VIH en la comunidad Universitaria.<\/p>\n<p style=\"text-align: justify;\">\u00abLas pol\u00edticas p\u00fablicas deben ir orientadas a la detecci\u00f3n precoz, para poder ofrecer los distintos tratamientos que est\u00e1n a disposici\u00f3n, para que \u00e9sta sea una condici\u00f3n que no genere todo el estigma social que conocemos y sus dificultades si es que no est\u00e1 correctamente tratada. Lo mejor que podemos hacer es la prevenci\u00f3n y la detecci\u00f3n, e instancias como \u00e9sta ponen sobre la mesa la relevancia de hacerse el examen\u00bb se\u00f1al\u00f3 el Delegado Presidencial, Rub\u00e9n Quezada.<\/p>\n<p style=\"text-align: justify;\">El test r\u00e1pido de VIH se realiza extrayendo una gota de sangre de la persona, y en 15 minutos detecta si existe la presencia del virus en la sangre.<\/p>\n<p style=\"text-align: justify;\">Al respecto, la Seremi de Salud Paola Salas, se\u00f1al\u00f3 que la Pandemia tuvo efecto negativo en el diagn\u00f3stico de VIH y por ello, invit\u00f3 a la comunidad a testearse a tiempo. \u201cTenemos una prevalencia de esta enfermedad muy alta, en el pa\u00eds y en la regi\u00f3n, en el periodo de pandemia tuvimos una baja de casos, que se debe a que la gente dej\u00f3 de hacerse el examen\u201d.<\/p>\n<p style=\"text-align: justify;\">En relaci\u00f3n a la oferta de testeo, el Dr. Rafael Alaniz, Subdirector Atenci\u00f3n Primaria Servicio de Salud Coquimbo agreg\u00f3 que, \u201cel test r\u00e1pido de VIH est\u00e1 disponible en los establecimientos de Atenci\u00f3n Primaria de todo el pa\u00eds y en ese sentido, la invitaci\u00f3n es que todas las personas puedan acercarse e informarse sobre su funcionamiento. La posibilidad de acceder es para todas y todos y de manera completamente gratuita\u201d.<\/p>\n<p style=\"text-align: justify;\">El operativo de test r\u00e1pido fue bien recibido por los estudiantes de la Universidad, quienes destacaron la iniciativa. \u201cEsto responde a las necesidades de los estudiantes, entonces que estos encuentros y oportunidades se den dentro del espacio estudiantil, nos facilita en el hecho de volver a encontrarnos y educarnos sobre muchas tem\u00e1ticas que a veces tenemos muchas dudas y en estas instancias encontramos respuestas\u201d, se\u00f1al\u00f3 Roc\u00edo Gonz\u00e1lez, Vice Presidenta FEULS.<\/p>\n<p style=\"text-align: justify;\">Finalmente, desde la Universidad de La Serena, valoraron la realizaci\u00f3n del operativo como una forma de trabajar en la prevenci\u00f3n en la comunidad educativa. \u201cEstos esfuerzos que se hacen entre la Seremi de Salud y nuestro Departamento de Salud, son s\u00faper valiosos para nuestros estudiantes, ya que no solamente tenemos que entregar conocimientos sino tambi\u00e9n darles bienestar a ellos\u201d, se\u00f1al\u00f3 Alan Olivares, Director Direcci\u00f3n de General de Asuntos estudiantiles de la Universidad de La Serena.<\/p>\n","protected":false},"excerpt":{"rendered":"<p>En los \u00faltimos 5 a\u00f1os: En el a\u00f1o 2021, por cada mujer notificada de VIH-SIDA se registran 6 hombres en esta condici\u00f3n. En el marco del D\u00eda Mundial del SIDA, el Ministerio de Salud reiter\u00f3 el compromiso y trabajo por la detecci\u00f3n y control de los casos de VIH, con<\/p>\n","protected":false},"author":1,"featured_media":2647,"comment_status":"closed","ping_status":"open","sticky":false,"template":"","format":"standard","meta":{"footnotes":""},"categories":[51,1],"tags":[],"class_list":["post-2645","post","type-post","status-publish","format-standard","has-post-thumbnail","hentry","category-seremisalud_coquimbo","category-noticias-regionales"],"_links":{"self":[{"href":"https:\/\/minutaregional.cl\/index.php?rest_route=\/wp\/v2\/posts\/2645","targetHints":{"allow":["GET"]}}],"collection":[{"href":"https:\/\/minutaregional.cl\/index.php?rest_route=\/wp\/v2\/posts"}],"about":[{"href":"https:\/\/minutaregional.cl\/index.php?rest_route=\/wp\/v2\/types\/post"}],"author":[{"embeddable":true,"href":"https:\/\/minutaregional.cl\/index.php?rest_route=\/wp\/v2\/users\/1"}],"replies":[{"embeddable":true,"href":"https:\/\/minutaregional.cl\/index.php?rest_route=%2Fwp%2Fv2%2Fcomments&post=2645"}],"version-history":[{"count":3,"href":"https:\/\/minutaregional.cl\/index.php?rest_route=\/wp\/v2\/posts\/2645\/revisions"}],"predecessor-version":[{"id":2650,"href":"https:\/\/minutaregional.cl\/index.php?rest_route=\/wp\/v2\/posts\/2645\/revisions\/2650"}],"wp:featuredmedia":[{"embeddable":true,"href":"https:\/\/minutaregional.cl\/index.php?rest_route=\/wp\/v2\/media\/2647"}],"wp:attachment":[{"href":"https:\/\/minutaregional.cl\/index.php?rest_route=%2Fwp%2Fv2%2Fmedia&parent=2645"}],"wp:term":[{"taxonomy":"category","embeddable":true,"href":"https:\/\/minutaregional.cl\/index.php?rest_route=%2Fwp%2Fv2%2Fcategories&post=2645"},{"taxonomy":"post_tag","embeddable":true,"href":"https:\/\/minutaregional.cl\/index.php?rest_route=%2Fwp%2Fv2%2Ftags&post=2645"}],"curies":[{"name":"wp","href":"https:\/\/api.w.org\/{rel}","templated":true}]}}