{"id":2641,"date":"2022-11-30T18:06:14","date_gmt":"2022-11-30T18:06:14","guid":{"rendered":"https:\/\/minutaregional.cl\/?p=2641"},"modified":"2022-11-30T18:06:14","modified_gmt":"2022-11-30T18:06:14","slug":"diputado-manouchehri-y-derecho-al-olvido-financiero-estamos-quitandole-poder-a-la-banca-y-devolviendoselo-a-la-gente","status":"publish","type":"post","link":"https:\/\/minutaregional.cl\/?p=2641","title":{"rendered":"Diputado Manouchehri y Derecho al olvido financiero: \u201cEstamos quit\u00e1ndole poder a la banca y devolvi\u00e9ndoselo a la gente\u201d"},"content":{"rendered":"<p style=\"text-align: justify;\"><strong><em>Su autor, el diputado socialista Daniel Manouchehri, destac\u00f3 que la iniciativa es un avance \u201cpara darle un golpe certero a la \u2018infocracia\u2019 de nuestro pa\u00eds\u201d.<\/em><\/strong><\/p>\n<p style=\"text-align: justify;\"><strong>\u00a0<\/strong>La Comisi\u00f3n de Econom\u00eda de la C\u00e1mara de Diputados aprob\u00f3 en particular el proyecto que consagra el \u201cderecho al olvido financiero\u201d. Tambi\u00e9n conocido como \u201cChao Hist\u00f3rico\u201d, fue despachado a Sala con el respaldo transversal de parlamentarios de diversas bancadas.<\/p>\n<p style=\"text-align: justify;\">El diputado socialista Daniel Manouchehri, autor de la moci\u00f3n, se\u00f1al\u00f3 que el \u201cChao Hist\u00f3rico\u201d \u201c<strong>es un proyecto que beneficia a millones de chilenos, hoy d\u00eda hace justicia y estamos dando un paso important\u00edsimo. Estamos quit\u00e1ndole poder a la banca y devolvi\u00e9ndoselo a la gente\u201d<\/strong><\/p>\n<p style=\"text-align: justify;\"><strong>\u00a0<\/strong><strong>\u201cChile puede ser vanguardia mundial en esta materia, borrando los registros de datos de las deudas de las personas, y creemos que estamos avanzando para darle un golpe certero a la \u2018infocracia\u2019 de nuestro pa\u00eds\u201d, <\/strong>destac\u00f3 el legislador de la Regi\u00f3n de Coquimbo<strong>.<\/strong><\/p>\n<p style=\"text-align: justify;\">El \u201cDerecho al olvido financiero\u201d obliga a entidades financieras a eliminar registros de deudas prescritas o pagadas, de m\u00e1s de 5 a\u00f1os. El proyecto busca combatir la discriminaci\u00f3n financiera a ciudadanos con deudas pagadas de m\u00e1s de 5 a\u00f1os o extinguidas, en complemento de otras iniciativas como \u201cChao Dicom\u201d, \u201cSalvavidas Pymes\u201d y \u201cRegistro de Deuda Consolidada\u201d.<\/p>\n<p style=\"text-align: justify;\"><strong>\u00a0<\/strong>Se espera que la iniciativa sea puesta en tabla para ser votada durante diciembre en el hemiciclo de la C\u00e1mara Baja.<\/p>\n","protected":false},"excerpt":{"rendered":"<p>Su autor, el diputado socialista Daniel Manouchehri, destac\u00f3 que la iniciativa es un avance \u201cpara darle un golpe certero a la \u2018infocracia\u2019 de nuestro pa\u00eds\u201d. \u00a0La Comisi\u00f3n de Econom\u00eda de la C\u00e1mara de Diputados aprob\u00f3 en particular el proyecto que consagra el \u201cderecho al olvido financiero\u201d. Tambi\u00e9n conocido como \u201cChao<\/p>\n","protected":false},"author":1,"featured_media":2642,"comment_status":"closed","ping_status":"open","sticky":false,"template":"","format":"standard","meta":{"footnotes":""},"categories":[26],"tags":[],"class_list":["post-2641","post","type-post","status-publish","format-standard","has-post-thumbnail","hentry","category-camara-de-diputadas-y-diputados"],"_links":{"self":[{"href":"https:\/\/minutaregional.cl\/index.php?rest_route=\/wp\/v2\/posts\/2641","targetHints":{"allow":["GET"]}}],"collection":[{"href":"https:\/\/minutaregional.cl\/index.php?rest_route=\/wp\/v2\/posts"}],"about":[{"href":"https:\/\/minutaregional.cl\/index.php?rest_route=\/wp\/v2\/types\/post"}],"author":[{"embeddable":true,"href":"https:\/\/minutaregional.cl\/index.php?rest_route=\/wp\/v2\/users\/1"}],"replies":[{"embeddable":true,"href":"https:\/\/minutaregional.cl\/index.php?rest_route=%2Fwp%2Fv2%2Fcomments&post=2641"}],"version-history":[{"count":2,"href":"https:\/\/minutaregional.cl\/index.php?rest_route=\/wp\/v2\/posts\/2641\/revisions"}],"predecessor-version":[{"id":2644,"href":"https:\/\/minutaregional.cl\/index.php?rest_route=\/wp\/v2\/posts\/2641\/revisions\/2644"}],"wp:featuredmedia":[{"embeddable":true,"href":"https:\/\/minutaregional.cl\/index.php?rest_route=\/wp\/v2\/media\/2642"}],"wp:attachment":[{"href":"https:\/\/minutaregional.cl\/index.php?rest_route=%2Fwp%2Fv2%2Fmedia&parent=2641"}],"wp:term":[{"taxonomy":"category","embeddable":true,"href":"https:\/\/minutaregional.cl\/index.php?rest_route=%2Fwp%2Fv2%2Fcategories&post=2641"},{"taxonomy":"post_tag","embeddable":true,"href":"https:\/\/minutaregional.cl\/index.php?rest_route=%2Fwp%2Fv2%2Ftags&post=2641"}],"curies":[{"name":"wp","href":"https:\/\/api.w.org\/{rel}","templated":true}]}}