{"id":2638,"date":"2022-11-30T17:54:18","date_gmt":"2022-11-30T17:54:18","guid":{"rendered":"https:\/\/minutaregional.cl\/?p=2638"},"modified":"2022-11-30T17:54:18","modified_gmt":"2022-11-30T17:54:18","slug":"diputado-manouchehri-ps-el-show-politico-debe-terminar","status":"publish","type":"post","link":"https:\/\/minutaregional.cl\/?p=2638","title":{"rendered":"Diputado Manouchehri (PS): \u201cEl show pol\u00edtico debe terminar\u201d"},"content":{"rendered":"<p style=\"text-align: justify;\">El diputado de la Bancada de Diputadas y Diputados del Partido Socialista, Daniel Manouchehri, fustig\u00f3 el \u201cshow pol\u00edtico\u201d instalado en la C\u00e1mara Baja, llamando a los legisladores a \u201ccomportarse acorde a la responsabilidad dada por el pueblo en las urnas\u201d. En particular, se refiri\u00f3 a los insultos proferidos por el parlamentario del Partido de la Gente (PDG), Gaspar Rivas, contra los diputados PDG Yovana Ahumada y V\u00edctor Pino por su remoci\u00f3n de la comisi\u00f3n de Personas Mayores.<\/p>\n<p style=\"text-align: justify;\">\u00abEl show pol\u00edtico debe terminar. La gente nos elige para que nos dediquemos a discutir temas de importancia, que son de inter\u00e9s p\u00fablico de los ciudadanos y las ciudadanas. Cuando se instala la violencia, la agresi\u00f3n y las mentiras, creo que no vamos por el camino correcto \u00ab, sostuvo el parlamentario del PS.<\/p>\n<p style=\"text-align: justify;\">En esa l\u00ednea, Manouchehri llam\u00f3 a que \u201clos colegas parlamentarios nos centremos en lo que hoy d\u00eda la ciudadan\u00eda quiere. Que pongamos la pasi\u00f3n y todo el coraz\u00f3n en el debate de las ideas. No en los ataques personales, no en la descalificaci\u00f3n. no en los insultos. Es momento en que los parlamentarios se comporten de acuerdo a la importancia que nos ha dado la ciudadan\u00eda y a la responsabilidad que nos ha dado el pueblo en las urnas\u201d, remarc\u00f3.<\/p>\n<p style=\"text-align: justify;\"><strong>Bajas sanciones a los parlamentarios: \u201cLa principal debe ser el rechazo en las urnas\u201d<\/strong><\/p>\n<p style=\"text-align: justify;\">Ante las diversas controversias a lo largo de este 2022 en la C\u00e1mara y el cuestionamiento por las bajas sanciones que reciben los parlamentarios, el diputado Daniel Manouchehri apel\u00f3 a que \u201cla principal sanci\u00f3n que deben recibir los parlamentarios que no act\u00faan de buena manera es el rechazo en las urnas\u201d.<\/p>\n<p style=\"text-align: justify;\">\u201cLa Comisi\u00f3n de \u00c9tica, indudablemente, tiene que sancionar los hechos que revisten gravedad y adem\u00e1s se debe modificar el reglamento justamente porque pareciera que a algunos no los amedrenta lo suficiente\u201d, agreg\u00f3 el legislador de la Regi\u00f3n de Coquimbo.<\/p>\n<p style=\"text-align: justify;\">Igualmente, Manouchehri recalc\u00f3 que \u201cla ciudadan\u00eda y la opini\u00f3n p\u00fablica tambi\u00e9n tienen un rol muy relevante pudiendo castigar este tipo de situaciones en las urnas. No nos parecen estos hechos de violencia que hemos visto en la C\u00e1mara de Diputados, creemos que sin duda alguna producen verg\u00fcenza y solamente desprestigian m\u00e1s a nuestra Corporaci\u00f3n\u201d.<\/p>\n<p style=\"text-align: justify;\">\u201cEl llamado que le har\u00eda a los parlamentarios es si quieren hacer noticia, que me parece una cosa muy razonable, que lo hagan en base a ideas, proyectos de ley, posiciones pol\u00edticas; no es base a insultos, violencia, ataques y menos en show en este hemiciclo\u201d, cerr\u00f3 Manouchehri.<\/p>\n<p>&nbsp;<\/p>\n","protected":false},"excerpt":{"rendered":"<p>El diputado de la Bancada de Diputadas y Diputados del Partido Socialista, Daniel Manouchehri, fustig\u00f3 el \u201cshow pol\u00edtico\u201d instalado en la C\u00e1mara Baja, llamando a los legisladores a \u201ccomportarse acorde a la responsabilidad dada por el pueblo en las urnas\u201d. En particular, se refiri\u00f3 a los insultos proferidos por el<\/p>\n","protected":false},"author":1,"featured_media":2639,"comment_status":"closed","ping_status":"open","sticky":false,"template":"","format":"standard","meta":{"footnotes":""},"categories":[26],"tags":[],"class_list":["post-2638","post","type-post","status-publish","format-standard","has-post-thumbnail","hentry","category-camara-de-diputadas-y-diputados"],"_links":{"self":[{"href":"https:\/\/minutaregional.cl\/index.php?rest_route=\/wp\/v2\/posts\/2638","targetHints":{"allow":["GET"]}}],"collection":[{"href":"https:\/\/minutaregional.cl\/index.php?rest_route=\/wp\/v2\/posts"}],"about":[{"href":"https:\/\/minutaregional.cl\/index.php?rest_route=\/wp\/v2\/types\/post"}],"author":[{"embeddable":true,"href":"https:\/\/minutaregional.cl\/index.php?rest_route=\/wp\/v2\/users\/1"}],"replies":[{"embeddable":true,"href":"https:\/\/minutaregional.cl\/index.php?rest_route=%2Fwp%2Fv2%2Fcomments&post=2638"}],"version-history":[{"count":1,"href":"https:\/\/minutaregional.cl\/index.php?rest_route=\/wp\/v2\/posts\/2638\/revisions"}],"predecessor-version":[{"id":2640,"href":"https:\/\/minutaregional.cl\/index.php?rest_route=\/wp\/v2\/posts\/2638\/revisions\/2640"}],"wp:featuredmedia":[{"embeddable":true,"href":"https:\/\/minutaregional.cl\/index.php?rest_route=\/wp\/v2\/media\/2639"}],"wp:attachment":[{"href":"https:\/\/minutaregional.cl\/index.php?rest_route=%2Fwp%2Fv2%2Fmedia&parent=2638"}],"wp:term":[{"taxonomy":"category","embeddable":true,"href":"https:\/\/minutaregional.cl\/index.php?rest_route=%2Fwp%2Fv2%2Fcategories&post=2638"},{"taxonomy":"post_tag","embeddable":true,"href":"https:\/\/minutaregional.cl\/index.php?rest_route=%2Fwp%2Fv2%2Ftags&post=2638"}],"curies":[{"name":"wp","href":"https:\/\/api.w.org\/{rel}","templated":true}]}}