{"id":2636,"date":"2022-11-28T22:54:08","date_gmt":"2022-11-28T22:54:08","guid":{"rendered":"https:\/\/minutaregional.cl\/?p=2636"},"modified":"2022-11-28T22:54:08","modified_gmt":"2022-11-28T22:54:08","slug":"diputado-manouchehri-no-es-posible-que-los-consumidores-no-sepan-que-el-producto-que-compraron-sea-original-saldo-o-segunda-mano","status":"publish","type":"post","link":"https:\/\/minutaregional.cl\/?p=2636","title":{"rendered":"Diputado Manouchehri: \u201cNo es posible que los consumidores no sepan que el producto que compraron sea original, saldo o segunda mano"},"content":{"rendered":"<p style=\"text-align: justify;\"><strong><em>El legislador, integrante de la Comisi\u00f3n de Econom\u00eda, apunt\u00f3 a reforzar las atribuciones fiscalizadoras y sancionatorias del Sernac. \u201cNo podemos seguir en Chile con un Sernac sin dientes\u201d, se\u00f1al\u00f3.<\/em><\/strong><\/p>\n<p style=\"text-align: justify;\">El diputado socialista Daniel Manouchehri, integrante de la Comisi\u00f3n de Econom\u00eda de la C\u00e1mara de Diputados, se refiri\u00f3 a la pol\u00e9mica que enfrenta a la cadena de <em>retail <\/em>La Polar con empresas multinacionales de ropa. \u00c9stas denuncian que la empresa nacional comercializa prendas con sus marcas sin comprarlas directamente a ellas, sino por intermediarios. \u201cCreemos que hoy d\u00eda se est\u00e1 afectando a los consumidores\u201d, remarc\u00f3 el legislador.<\/p>\n<p style=\"text-align: justify;\">En este contexto, el parlamentario de la Regi\u00f3n de Coquimbo indic\u00f3 que \u201choy nuevamente vemos a La Polar involucrada en una situaci\u00f3n que sin duda pone en cuestionamiento la \u00e9tica de esta empresa. Hoy d\u00eda creemos que es muy importante poder defender primeramente a los consumidores al respecto. No es posible que los consumidores no sepan que el producto que compraron de una determinada marca sea efectivamente el producto de esa marca, o sea un saldo o ropa de segunda mano\u201d.<\/p>\n<p style=\"text-align: justify;\">Asimismo, Manouchehri apunt\u00f3 a reforzar las atribuciones fiscalizadoras y sancionatorias del Servicio Nacional del Consumidor. \u201cY en segundo t\u00e9rmino hay un tema que es extremadamente relevante que hay que poner sobre la mesa, que es el rol del Sernac. No podemos seguir en Chile con un Sernac sin dientes. Cuando el Sernac no tiene atribuciones de poder defender a los consumidores, los m\u00e1s afectados son los ciudadanos de nuestro pa\u00eds\u201d, se\u00f1al\u00f3.<\/p>\n<p>&nbsp;<\/p>\n","protected":false},"excerpt":{"rendered":"<p>El legislador, integrante de la Comisi\u00f3n de Econom\u00eda, apunt\u00f3 a reforzar las atribuciones fiscalizadoras y sancionatorias del Sernac. \u201cNo podemos seguir en Chile con un Sernac sin dientes\u201d, se\u00f1al\u00f3. El diputado socialista Daniel Manouchehri, integrante de la Comisi\u00f3n de Econom\u00eda de la C\u00e1mara de Diputados, se refiri\u00f3 a la pol\u00e9mica<\/p>\n","protected":false},"author":1,"featured_media":2567,"comment_status":"closed","ping_status":"open","sticky":false,"template":"","format":"standard","meta":{"footnotes":""},"categories":[26],"tags":[],"class_list":["post-2636","post","type-post","status-publish","format-standard","has-post-thumbnail","hentry","category-camara-de-diputadas-y-diputados"],"_links":{"self":[{"href":"https:\/\/minutaregional.cl\/index.php?rest_route=\/wp\/v2\/posts\/2636","targetHints":{"allow":["GET"]}}],"collection":[{"href":"https:\/\/minutaregional.cl\/index.php?rest_route=\/wp\/v2\/posts"}],"about":[{"href":"https:\/\/minutaregional.cl\/index.php?rest_route=\/wp\/v2\/types\/post"}],"author":[{"embeddable":true,"href":"https:\/\/minutaregional.cl\/index.php?rest_route=\/wp\/v2\/users\/1"}],"replies":[{"embeddable":true,"href":"https:\/\/minutaregional.cl\/index.php?rest_route=%2Fwp%2Fv2%2Fcomments&post=2636"}],"version-history":[{"count":1,"href":"https:\/\/minutaregional.cl\/index.php?rest_route=\/wp\/v2\/posts\/2636\/revisions"}],"predecessor-version":[{"id":2637,"href":"https:\/\/minutaregional.cl\/index.php?rest_route=\/wp\/v2\/posts\/2636\/revisions\/2637"}],"wp:featuredmedia":[{"embeddable":true,"href":"https:\/\/minutaregional.cl\/index.php?rest_route=\/wp\/v2\/media\/2567"}],"wp:attachment":[{"href":"https:\/\/minutaregional.cl\/index.php?rest_route=%2Fwp%2Fv2%2Fmedia&parent=2636"}],"wp:term":[{"taxonomy":"category","embeddable":true,"href":"https:\/\/minutaregional.cl\/index.php?rest_route=%2Fwp%2Fv2%2Fcategories&post=2636"},{"taxonomy":"post_tag","embeddable":true,"href":"https:\/\/minutaregional.cl\/index.php?rest_route=%2Fwp%2Fv2%2Ftags&post=2636"}],"curies":[{"name":"wp","href":"https:\/\/api.w.org\/{rel}","templated":true}]}}