{"id":2630,"date":"2022-11-28T14:11:46","date_gmt":"2022-11-28T14:11:46","guid":{"rendered":"https:\/\/minutaregional.cl\/?p=2630"},"modified":"2022-11-28T14:11:46","modified_gmt":"2022-11-28T14:11:46","slug":"monte-patria-invierte-en-cierres-perimetrales-para-resguardar-establecimientos-educacionales","status":"publish","type":"post","link":"https:\/\/minutaregional.cl\/?p=2630","title":{"rendered":"MONTE PATRIA INVIERTE EN CIERRES PERIMETRALES PARA RESGUARDAR ESTABLECIMIENTOS EDUCACIONALES"},"content":{"rendered":"<ul>\n<li style=\"text-align: justify;\"><em>Este proyecto contempl\u00f3 una inversi\u00f3n de $149.029.189 millones de pesos, el cual se ejecut\u00f3 desde el mes de agosto hasta el mes de noviembre del presente a\u00f1o, bajo la modalidad de licitaci\u00f3n p\u00fablica, fondos FAEP<\/em><\/li>\n<\/ul>\n<p style=\"text-align: justify;\"><strong><em>\u00a0<\/em><\/strong>El Municipio de Monte Patria, a trav\u00e9s del Departamento de Educaci\u00f3n y la Secretar\u00eda de Planificaci\u00f3n Comunal, llevaron a cabo el desarrollo del Proyecto denominado <strong>\u201cConstrucci\u00f3n de Cierres Perimetrales\u201d<\/strong> en <strong>seis establecimientos educacionales<\/strong> del territorio: <em>Escuela Juntas; Escuela In\u00e9s de Su\u00e1rez de la localidad de Higueras de Rapel; Colegio B\u00e1sico Renacer de Cerrillos de la localidad de Cerrillos de Rapel; Escuela Esperanza de Pejerreyes; Escuela Chilecito y Escuela El Tay\u00e1n<\/em>.<\/p>\n<p style=\"text-align: justify;\">Este proyecto se gener\u00f3 a partir de la necesidad de generar estrategias que otorguen mayor seguridad, ya que algunos recintos educativos, presentaron a lo largo de los \u00faltimos a\u00f1os un incremento en hechos delictivos, los que pusieron en riesgo la vulnerabilidad de \u00e9stos, como ejemplo. Esto provoc\u00f3 m\u00faltiples emociones, principalmente de incertidumbre y miedo en las familias pertenecientes al Sistema Educativo comunal.<\/p>\n<p style=\"text-align: justify;\">Por consiguiente, el Alcalde de Monte Patria, Cristian Herrera Pe\u00f1a, indic\u00f3 a los equipos especialistas que se agilizara la realizaci\u00f3n de dicho proyecto, para as\u00ed poseer un nuevo elemento disuasivo, el que se sumar\u00eda a acciones ya ejecutadas y otras desarroll\u00e1ndose, con la intenci\u00f3n de proteger, no tan s\u00f3lo las dependencias educacionales, sino tambi\u00e9n a los estudiantes y equipos profesionales.<\/p>\n<p style=\"text-align: justify;\">Herrera Pe\u00f1a junto a equipo profesional, realiza recorrido para observar la ejecuci\u00f3n de algunos de los cierres perimetrales concluidos, donde con representantes de los Centros de Padres, madres y Apoderados analizan detalles de los trabajos, entre otros aspectos. Ante ello, el l\u00edder de la cabecera comunal de Monte Patria indic\u00f3; <em>\u201cSon seis cierres perimetrales que hicimos en esta primera etapa, que responden precisamente a lo que nos han demandado las propias comunidades educativas. Nosotros hemos estado recorriendo los establecimientos; hay otras solicitudes que han llegado directamente al Departamento de Educaci\u00f3n Municipal y, \u00e9sta es la respuesta. <\/em><\/p>\n<p style=\"text-align: justify;\"><em>\u00a0<\/em><em>Finalmente, a trav\u00e9s del fondo FAEP, poder otorgar la soluci\u00f3n que nos han ido planteando; por temas de seguridad, por temas de robos, pero tambi\u00e9n, por temas de seguridad que no entren perros, de que no se arranquen los ni\u00f1os. Se genera una red de protecci\u00f3n mucho m\u00e1s grande con estos cierres perimetrales y, estamos muy contentos (\u2026)\u201d. <\/em><\/p>\n<p style=\"text-align: justify;\">Adem\u00e1s, la Primera Autoridad del territorio montepatrino, hace \u00e9nfasis que los recorridos a las distintas escuelas, les han permitido poder dialogar, escuchar y recoger las distintas necesidades y demandas de los estudiantes, lo que ser\u00eda muy importante para desarrollar un buen trabajo e ir terminando ciclos y, abriendo otros para ir cumpliendo con la tarea.<\/p>\n<p style=\"text-align: justify;\">La inversi\u00f3n que se utiliz\u00f3 en esta iniciativa fue de $149.029.189 millones de pesos, a trav\u00e9s del Fondo de Apoyo a la Educaci\u00f3n P\u00fablica; recursos que son entregados por el Ministerio de Educaci\u00f3n y administrados por la Municipalidad de Monte Patria, quienes despu\u00e9s de hacer los levantamientos necesarios sobre la necesidad de las diferentes comunidades educativas, seg\u00fan cada realidad, se priorizan seis proyectos de cierre perimetrales en escuelas de car\u00e1cter polidocentes y multigrados, \u00e9sta \u00faltima en su mayor\u00eda.<\/p>\n<p style=\"text-align: justify;\">Claudia Abarca, Directora de Escuela Juntas, una de las comunidades educativas favorecidas por el Municipio para concretar este anhelado proyecto, se refiri\u00f3 comentando lo siguiente; <em>\u201cC\u00f3mo comunidad educativa, estamos muy contentos con el proyecto FAEP de cierre perimetral de la escuela. Un proyecto que se ven\u00eda gestando hace bastante tiempo; una necesidad para nuestra escuela, para mejorar la seguridad de nuestros ni\u00f1os en los recreos y, tambi\u00e9n, para mejorar la seguridad en torno a distintos robos que hemos tenido como escuela\u201d.<\/em><\/p>\n<p style=\"text-align: justify;\">El proyecto se gener\u00f3 en un plazo de 3 meses, donde empresas relacionadas con el rubro trabajaron por etapas, de acuerdo a las bases administrativas y t\u00e9cnicas elaboradas por el equipo t\u00e9cnico del Municipio.<\/p>\n<p style=\"text-align: justify;\">Para las familias que son parte de un Sistema Educativo se hace primordial que \u00e9stos cuenten con todo lo necesario para proteger el bienestar integral de los educandos.<\/p>\n<p style=\"text-align: justify;\">Gladys Olivares, representante de los apoderados de Escuela Juntas recalc\u00f3 lo importante que es poseer un buen cierre perimetral, sobre todo ante la seguidilla de robos que hab\u00edan tenido, durante un tiempo, al interior de la dependencia educativa.<\/p>\n<p style=\"text-align: justify;\">Este proyecto liderado por el Municipio de Monte Patria, es la primera ronda de otros planes en prevenci\u00f3n y seguridad que se est\u00e1n e ir\u00e1n desarroll\u00e1ndose en PRO de los estudiantes.<\/p>\n<p><strong>\u00a0<\/strong><\/p>\n","protected":false},"excerpt":{"rendered":"<p>Este proyecto contempl\u00f3 una inversi\u00f3n de $149.029.189 millones de pesos, el cual se ejecut\u00f3 desde el mes de agosto hasta el mes de noviembre del presente a\u00f1o, bajo la modalidad de licitaci\u00f3n p\u00fablica, fondos FAEP \u00a0El Municipio de Monte Patria, a trav\u00e9s del Departamento de Educaci\u00f3n y la Secretar\u00eda de<\/p>\n","protected":false},"author":1,"featured_media":2631,"comment_status":"closed","ping_status":"open","sticky":false,"template":"","format":"standard","meta":{"footnotes":""},"categories":[21],"tags":[],"class_list":["post-2630","post","type-post","status-publish","format-standard","has-post-thumbnail","hentry","category-municipalidades"],"_links":{"self":[{"href":"https:\/\/minutaregional.cl\/index.php?rest_route=\/wp\/v2\/posts\/2630","targetHints":{"allow":["GET"]}}],"collection":[{"href":"https:\/\/minutaregional.cl\/index.php?rest_route=\/wp\/v2\/posts"}],"about":[{"href":"https:\/\/minutaregional.cl\/index.php?rest_route=\/wp\/v2\/types\/post"}],"author":[{"embeddable":true,"href":"https:\/\/minutaregional.cl\/index.php?rest_route=\/wp\/v2\/users\/1"}],"replies":[{"embeddable":true,"href":"https:\/\/minutaregional.cl\/index.php?rest_route=%2Fwp%2Fv2%2Fcomments&post=2630"}],"version-history":[{"count":1,"href":"https:\/\/minutaregional.cl\/index.php?rest_route=\/wp\/v2\/posts\/2630\/revisions"}],"predecessor-version":[{"id":2632,"href":"https:\/\/minutaregional.cl\/index.php?rest_route=\/wp\/v2\/posts\/2630\/revisions\/2632"}],"wp:featuredmedia":[{"embeddable":true,"href":"https:\/\/minutaregional.cl\/index.php?rest_route=\/wp\/v2\/media\/2631"}],"wp:attachment":[{"href":"https:\/\/minutaregional.cl\/index.php?rest_route=%2Fwp%2Fv2%2Fmedia&parent=2630"}],"wp:term":[{"taxonomy":"category","embeddable":true,"href":"https:\/\/minutaregional.cl\/index.php?rest_route=%2Fwp%2Fv2%2Fcategories&post=2630"},{"taxonomy":"post_tag","embeddable":true,"href":"https:\/\/minutaregional.cl\/index.php?rest_route=%2Fwp%2Fv2%2Ftags&post=2630"}],"curies":[{"name":"wp","href":"https:\/\/api.w.org\/{rel}","templated":true}]}}