{"id":2626,"date":"2022-11-24T23:38:47","date_gmt":"2022-11-24T23:38:47","guid":{"rendered":"https:\/\/minutaregional.cl\/?p=2626"},"modified":"2022-11-24T23:38:47","modified_gmt":"2022-11-24T23:38:47","slug":"inicia-feria-boulevard-sernameg-2022-en-coyhaique","status":"publish","type":"post","link":"https:\/\/minutaregional.cl\/?p=2626","title":{"rendered":"Inicia Feria Boulevard SernamEG 2022 en Coyhaique"},"content":{"rendered":"<p class=\"yiv0862259830MsoNormal\" style=\"text-align: justify;\"><span lang=\"ES\">Con la participaci\u00f3n de 34 emprendedoras y con la presencia de autoridades regionales, comenz\u00f3 la Feria Boulevard SernamEG 2022 del Servicio Nacional de la Mujer y la Equidad de G\u00e9nero, SernamEG. Iniciativa que se lleva a cabo en el eje central de la plaza pentagonal, en la capital regional, y que finaliza este viernes 25 de noviembre.\u00a0<\/span><\/p>\n<p class=\"yiv0862259830MsoNormal\" style=\"text-align: justify;\"><span lang=\"ES\">\u00a0<\/span><span lang=\"ES\">La Seremi de la Mujer y la Equidad de G\u00e9nero, Andrea M\u00e9ndez Valenzuela, sostuvo que \u201ccada uno de estos emprendimientos dan cuenta de las historias de vida, entendamos que post pandemia el trabajo femenino se vio fuertemente afectado; por lo tanto, este tipo de acciones tambi\u00e9n contribuyen a la reactivaci\u00f3n econ\u00f3mica, poniendo el foco particularmente en las mujeres\u201d.<\/span><\/p>\n<p class=\"yiv0862259830MsoNormal\" style=\"text-align: justify;\"><span lang=\"ES\">\u00a0<\/span><span lang=\"ES\">Por su parte, la Directora Regional (S) de SernamEG, Carla Arriagada Malague\u00f1o, precis\u00f3 que \u201cla Feria se levanta por la necesidad de las mujeres, que son parte del programa Mujer Emprende de SernamEG, de poder comercializar y tener una vitrina donde la comunidad pueda conocer los productos que venden. Nuestro objetivo es apoyar el emprendimiento femenino y de esta forma, puedan mantener o mejorar su autonom\u00eda econ\u00f3mica\u201d.<\/span><\/p>\n<p class=\"yiv0862259830MsoNormal\" style=\"text-align: justify;\"><span lang=\"ES\">\u00a0<\/span><span lang=\"ES\">La emprendedora del sector El Triana, Enaldy Alvial Vivallo, destac\u00f3 que la Feria \u201ces un espacio importante, porque nos permite vender nuestros productos; sobre todo, para quienes venimos de sectores rurales. Tambi\u00e9n, conocer el trabajo que est\u00e1n realizando las otras mujeres en la comuna de Coyhaique, lo que nos permite generar redes donde nos podemos comunicar y vernos personalmente\u201d.\u00a0\u00a0\u00a0<\/span><\/p>\n<p class=\"yiv0862259830MsoNormal\" style=\"text-align: justify;\"><span lang=\"ES\">\u00a0<\/span><span lang=\"ES\">Consultado respecto a su impresi\u00f3n de la Feria, el turista espa\u00f1ol, Alfonso Garc\u00eda Borja, dijo: \u201ccreo que es interesante, ya que son productos totalmente elaborados por las mujeres que est\u00e1n aqu\u00ed; y adem\u00e1s que son productos preciosos. Me parece una iniciativa magn\u00edfica, porque es poner en valor lo que est\u00e1 oculto habitualmente que es el trabajo de ellas\u201d.\u00a0<\/span><\/p>\n","protected":false},"excerpt":{"rendered":"<p>Con la participaci\u00f3n de 34 emprendedoras y con la presencia de autoridades regionales, comenz\u00f3 la Feria Boulevard SernamEG 2022 del Servicio Nacional de la Mujer y la Equidad de G\u00e9nero, SernamEG. Iniciativa que se lleva a cabo en el eje central de la plaza pentagonal, en la capital regional, y<\/p>\n","protected":false},"author":1,"featured_media":2627,"comment_status":"closed","ping_status":"open","sticky":false,"template":"","format":"standard","meta":{"footnotes":""},"categories":[1],"tags":[],"class_list":["post-2626","post","type-post","status-publish","format-standard","has-post-thumbnail","hentry","category-noticias-regionales"],"_links":{"self":[{"href":"https:\/\/minutaregional.cl\/index.php?rest_route=\/wp\/v2\/posts\/2626","targetHints":{"allow":["GET"]}}],"collection":[{"href":"https:\/\/minutaregional.cl\/index.php?rest_route=\/wp\/v2\/posts"}],"about":[{"href":"https:\/\/minutaregional.cl\/index.php?rest_route=\/wp\/v2\/types\/post"}],"author":[{"embeddable":true,"href":"https:\/\/minutaregional.cl\/index.php?rest_route=\/wp\/v2\/users\/1"}],"replies":[{"embeddable":true,"href":"https:\/\/minutaregional.cl\/index.php?rest_route=%2Fwp%2Fv2%2Fcomments&post=2626"}],"version-history":[{"count":1,"href":"https:\/\/minutaregional.cl\/index.php?rest_route=\/wp\/v2\/posts\/2626\/revisions"}],"predecessor-version":[{"id":2628,"href":"https:\/\/minutaregional.cl\/index.php?rest_route=\/wp\/v2\/posts\/2626\/revisions\/2628"}],"wp:featuredmedia":[{"embeddable":true,"href":"https:\/\/minutaregional.cl\/index.php?rest_route=\/wp\/v2\/media\/2627"}],"wp:attachment":[{"href":"https:\/\/minutaregional.cl\/index.php?rest_route=%2Fwp%2Fv2%2Fmedia&parent=2626"}],"wp:term":[{"taxonomy":"category","embeddable":true,"href":"https:\/\/minutaregional.cl\/index.php?rest_route=%2Fwp%2Fv2%2Fcategories&post=2626"},{"taxonomy":"post_tag","embeddable":true,"href":"https:\/\/minutaregional.cl\/index.php?rest_route=%2Fwp%2Fv2%2Ftags&post=2626"}],"curies":[{"name":"wp","href":"https:\/\/api.w.org\/{rel}","templated":true}]}}