{"id":2623,"date":"2022-11-24T23:19:40","date_gmt":"2022-11-24T23:19:40","guid":{"rendered":"https:\/\/minutaregional.cl\/?p=2623"},"modified":"2022-11-24T23:19:40","modified_gmt":"2022-11-24T23:19:40","slug":"pdi-prepara-la-primera-entrega-de-tapitas-recicladas-para-ayudar-a-pacientes-oncologicos","status":"publish","type":"post","link":"https:\/\/minutaregional.cl\/?p=2623","title":{"rendered":"PDI PREPARA LA PRIMERA ENTREGA DE TAPITAS RECICLADAS PARA AYUDAR A PACIENTES ONCOL\u00d3GICOS"},"content":{"rendered":"<p style=\"text-align: justify;\">Una positiva acogida mantiene esta cruzada en 3 complejos de la PDI, donde se acercan ciudadanos e instituciones a depositar su donaci\u00f3n, cuya entrega se coordina para ayudar a ni\u00f1os y ni\u00f1as con c\u00e1ncer.<\/p>\n<p style=\"text-align: justify;\">La campa\u00f1a \u2018\u2019Junta tus tapitas\u2019\u2019 va en apoyo de los pacientes infantiles que padecen de c\u00e1ncer. La Regi\u00f3n Policial de Coquimbo, junto con el C\u00edrculo de amigos de la PDI y la Corporaci\u00f3n de Apoyo a la Familia PDI salen adelante con esta iniciativa, que mantiene buenos resultados, en sus 2 primeros meses.<\/p>\n<p style=\"text-align: justify;\"><strong>\u2018\u2019Para nosotros como PDI, ha sido s\u00faper importante el apoyo de la comunidad en esta campa\u00f1a, tenemos el aporte importante de un colegio de la conurbaci\u00f3n, de ciudadanos que se acercan cada d\u00eda a dejar su donaci\u00f3n y nos llena de alegr\u00eda, nos sirve para motivar a las dem\u00e1s entidades y personas para que sigan colaborando con esta campa\u00f1a\u2019\u2019, <\/strong>indic\u00f3 el Prefecto Carlos Albornoz, Jefe de la Prefectura Policial Elqui.<\/p>\n<p style=\"text-align: justify;\">Destaca la buena recepci\u00f3n de esta cruzada entre la comunidad, que ha decidido aportar, consciente del beneficio que logra esta iniciativa sustentable, evitando que las tapitas se pierdan en la basura, tal como en el liceo Fernando Binvignat del sector Tierras Blancas, en Coquimbo. <strong>\u2018\u2019Gracias al esfuerzo de la comunidad completa, hemos podido juntar hartas tapitas, algunas las ten\u00edamos desde el a\u00f1o pasado. La idea es poder ayudar a las familias de los ni\u00f1os con c\u00e1ncer y cuidar el medio ambiente\u2019\u2019,<\/strong> se\u00f1al\u00f3 Pablo Williams, docente del establecimiento educacional. Asimismo, la estudiante Yaira Longa que lleg\u00f3 en representaci\u00f3n de su establecimiento, manifest\u00f3 que <strong>\u2018\u2019es bueno siempre contribuir a una buena causa\u2019\u2019.<\/strong><\/p>\n<p style=\"text-align: justify;\">El jard\u00edn infantil Los Pastorcitos del sector Las Compa\u00f1\u00edas, tambi\u00e9n se sum\u00f3 a la campa\u00f1a, donde recolectaron las tapitas y las almacenaron en sacos y botellas, concretando la entrega de este aporte a los detectives junto a los p\u00e1rvulos. <strong>\u2018\u2019En una publicaci\u00f3n de la PDI, en las redes sociales, nos informamos de la campa\u00f1a de las tapitas, entonces nos motivamos a realizar una campa\u00f1a de manera interna en nuestra unidad educativa y as\u00ed juntar tapitas con los ni\u00f1os y ni\u00f1as, sus familias y el personal educador, para aportar con nuestro granito de arena\u201d<\/strong>, indic\u00f3 Lisset Rodr\u00edguez, educadora de p\u00e1rvulos del Nivel Medio Mayor del jard\u00edn infantil.<\/p>\n<p style=\"text-align: justify;\">Los puntos de acopio contin\u00faan disponibles para recibir a quienes desean ir a hacer sus donaciones, en el complejo policial de la PDI en La Serena (calle Anfi\u00f3n Mu\u00f1oz #700), en Coquimbo (Calle An\u00edbal Pinto #400) y en Illapel (Ram\u00f3n Freire #277).<\/p>\n<p style=\"text-align: justify;\">Desde la PDI recuerdan que puede donar tapitas pl\u00e1sticas de los envases de bebidas, agua mineral, cerveza, shampoo, jab\u00f3n, entre otros elementos que est\u00e9n compuestos de pl\u00e1stico PP y Polipropileno. La primera entrega de esta donaci\u00f3n, es coordinada por la Corporaci\u00f3n de Apoyo a la Familia PDI con las Damas de Caf\u00e9, y se realizar\u00e1 su traslado hasta el hospital Luis Calvo Mackenna de Santiago.<\/p>\n<p style=\"text-align: justify;\">\n<p style=\"text-align: justify;\">\n<p>&nbsp;<\/p>\n","protected":false},"excerpt":{"rendered":"<p>Una positiva acogida mantiene esta cruzada en 3 complejos de la PDI, donde se acercan ciudadanos e instituciones a depositar su donaci\u00f3n, cuya entrega se coordina para ayudar a ni\u00f1os y ni\u00f1as con c\u00e1ncer. La campa\u00f1a \u2018\u2019Junta tus tapitas\u2019\u2019 va en apoyo de los pacientes infantiles que padecen de c\u00e1ncer.<\/p>\n","protected":false},"author":1,"featured_media":2624,"comment_status":"closed","ping_status":"open","sticky":false,"template":"","format":"standard","meta":{"footnotes":""},"categories":[14],"tags":[],"class_list":["post-2623","post","type-post","status-publish","format-standard","has-post-thumbnail","hentry","category-pdi"],"_links":{"self":[{"href":"https:\/\/minutaregional.cl\/index.php?rest_route=\/wp\/v2\/posts\/2623","targetHints":{"allow":["GET"]}}],"collection":[{"href":"https:\/\/minutaregional.cl\/index.php?rest_route=\/wp\/v2\/posts"}],"about":[{"href":"https:\/\/minutaregional.cl\/index.php?rest_route=\/wp\/v2\/types\/post"}],"author":[{"embeddable":true,"href":"https:\/\/minutaregional.cl\/index.php?rest_route=\/wp\/v2\/users\/1"}],"replies":[{"embeddable":true,"href":"https:\/\/minutaregional.cl\/index.php?rest_route=%2Fwp%2Fv2%2Fcomments&post=2623"}],"version-history":[{"count":1,"href":"https:\/\/minutaregional.cl\/index.php?rest_route=\/wp\/v2\/posts\/2623\/revisions"}],"predecessor-version":[{"id":2625,"href":"https:\/\/minutaregional.cl\/index.php?rest_route=\/wp\/v2\/posts\/2623\/revisions\/2625"}],"wp:featuredmedia":[{"embeddable":true,"href":"https:\/\/minutaregional.cl\/index.php?rest_route=\/wp\/v2\/media\/2624"}],"wp:attachment":[{"href":"https:\/\/minutaregional.cl\/index.php?rest_route=%2Fwp%2Fv2%2Fmedia&parent=2623"}],"wp:term":[{"taxonomy":"category","embeddable":true,"href":"https:\/\/minutaregional.cl\/index.php?rest_route=%2Fwp%2Fv2%2Fcategories&post=2623"},{"taxonomy":"post_tag","embeddable":true,"href":"https:\/\/minutaregional.cl\/index.php?rest_route=%2Fwp%2Fv2%2Ftags&post=2623"}],"curies":[{"name":"wp","href":"https:\/\/api.w.org\/{rel}","templated":true}]}}