{"id":2617,"date":"2022-11-24T22:30:11","date_gmt":"2022-11-24T22:30:11","guid":{"rendered":"https:\/\/minutaregional.cl\/?p=2617"},"modified":"2022-11-24T22:30:11","modified_gmt":"2022-11-24T22:30:11","slug":"illapel-avanza-en-materia-de-inclusion-mediante-la-estrategia-de-desarrollo-local-inclusivo-a-traves-de-la-municipalidad","status":"publish","type":"post","link":"https:\/\/minutaregional.cl\/?p=2617","title":{"rendered":"ILLAPEL AVANZA EN MATERIA DE INCLUSI\u00d3N MEDIANTE LA ESTRATEGIA DE DESARROLLO LOCAL INCLUSIVO A TRAV\u00c9S DE LA MUNICIPALIDAD"},"content":{"rendered":"<p class=\"normal\" style=\"text-align: justify;\"><span style=\"font-size: 12.0pt; line-height: 115%;\">La Ilustre Municipalidad de Illapel lanz\u00f3 la nueva Estrategia de Desarrollo Local Inclusivo (EDLI), mediante una ceremonia que marca el hito inicial de ejecuci\u00f3n de las nuevas medidas en materia de inclusi\u00f3n para la comuna y sus habitantes. La actividad corresponde a la primera etapa de esta estrategia, su lanzamiento a la comunidad y etapa de diagn\u00f3stico participativo con la instituci\u00f3n, personas con discapacidad y representantes de la ciudadan\u00eda, instancia en la que participaron adem\u00e1s autoridades como el director regional de SENADIS, el consejo comunal y el alcalde, as\u00ed como representantes de equipos municipales e instituciones que ser\u00e1n aliados importantes en su implementaci\u00f3n.<\/span><\/p>\n<p class=\"normal\" style=\"text-align: justify;\"><span style=\"font-size: 12.0pt; line-height: 115%;\">\u00a0<\/span><span style=\"font-size: 12.0pt; line-height: 115%;\">El Servicio Nacional de la Discapacidad SENADIS dispone cada a\u00f1o de la l\u00ednea de financiamiento y asesor\u00eda t\u00e9cnica, dirigida a las municipalidades del pa\u00eds que cuentan con Oficina de Inclusi\u00f3n o discapacidad en su gesti\u00f3n, teniendo como objetivo fomentar el desarrollo local inclusivo desde una perspectiva integral, por medio de apoyo, cooperaci\u00f3n t\u00e9cnica y apoyo intersectorial para reorientar y\/o profundizar las pol\u00edticas inclusivas de desarrollo municipal. Para esto se implementar\u00e1n 5 \u00e1reas de trabajo: Fortalecimiento a la gesti\u00f3n del \u00e1rea municipal de discapacidad, Redes vecinales y locales, Implementaci\u00f3n de rehabilitaci\u00f3n infantil con estrategia comunitaria, Gesti\u00f3n Territorial Inclusiva y Fortalecimiento de la participaci\u00f3n. En este sentido, Jorge Juarez, Director SENADIS Regi\u00f3n de Coquimbo, se\u00f1al\u00f3 que \u201cnosotros hoy d\u00eda venimos a celebrar, a participar y por supuesto a felicitar todo el trabajo que se est\u00e1 haciendo actualmente en materia de discapacidad, y particularmente, estamos dando inicio a un proyecto muy bonito que por cierto nos pone nuevas metas, desaf\u00edos y formas de mirar la discapacidad en la comuna de Illapel\u201d.<\/span><\/p>\n<p class=\"normal\" style=\"text-align: justify;\"><span style=\"font-size: 12.0pt; line-height: 115%;\">\u00a0<\/span><span style=\"font-size: 12.0pt; line-height: 115%;\">Adem\u00e1s, el municipio ha adquirido el compromiso de realizar acciones de concienciaci\u00f3n, educaci\u00f3n con funcionarios municipales, instituciones de la comuna, dirigentes sociales, personas con discapacidad y sus cuidadores(as) y la comunidad en general, contribuyendo a mejorar la calidad de vida de las personas interviniendo en diversos \u00e1mbitos del desarrollo humano, como salud, educaci\u00f3n, rehabilitaci\u00f3n, ocio y recreaci\u00f3n, participaci\u00f3n ciudadana, g\u00e9nero y cuidados. Sobre esto, el jefe comunal destac\u00f3 que \u201clo central es que vamos a poder desarrollar una pol\u00edtica comunal que pone en el centro a las personas que son sujetos de derecho, donde queremos una comuna inclusiva, pero que no s\u00f3lo sea una eslogan, sino que con acciones concretas, y \u00bfc\u00f3mo lo vamos a hacer?, a trav\u00e9s de un diagn\u00f3stico participativo que ya parti\u00f3 y con un trabajo de nuestros profesionales\u201d.<\/span><\/p>\n<p class=\"normal\" style=\"text-align: justify;\"><span style=\"font-size: 12.0pt; line-height: 115%;\">\u00a0<\/span><span style=\"font-size: 12.0pt; line-height: 115%;\">Algunos asistentes a la ceremonia comentaron que \u201cestamos muy contentos porque esto se est\u00e1 haciendo tal como dijo el alcalde, no como \u00e9l quiere, sino c\u00f3mo las personas lo necesitan y eso es s\u00faper importante, porque quien no lo ha vivido no lo sabe en realidad\u201d. \u201cMe parece s\u00faper buena la estrat\u00e9gia, estamos felices en el tema de la inclusi\u00f3n porque por fin vamos a empezar a ser m\u00e1s visibles frente a la comunidad, as\u00ed vamos a obtener muchos beneficios que nos favorecen a todos, ya que somos muchas las personas que tenemos alg\u00fan tipo de discapacidad y quiz\u00e1s no visible\u201d.<\/span><\/p>\n","protected":false},"excerpt":{"rendered":"<p>La Ilustre Municipalidad de Illapel lanz\u00f3 la nueva Estrategia de Desarrollo Local Inclusivo (EDLI), mediante una ceremonia que marca el hito inicial de ejecuci\u00f3n de las nuevas medidas en materia de inclusi\u00f3n para la comuna y sus habitantes. La actividad corresponde a la primera etapa de esta estrategia, su lanzamiento<\/p>\n","protected":false},"author":1,"featured_media":2618,"comment_status":"closed","ping_status":"open","sticky":false,"template":"","format":"standard","meta":{"footnotes":""},"categories":[21,1],"tags":[],"class_list":["post-2617","post","type-post","status-publish","format-standard","has-post-thumbnail","hentry","category-municipalidades","category-noticias-regionales"],"_links":{"self":[{"href":"https:\/\/minutaregional.cl\/index.php?rest_route=\/wp\/v2\/posts\/2617","targetHints":{"allow":["GET"]}}],"collection":[{"href":"https:\/\/minutaregional.cl\/index.php?rest_route=\/wp\/v2\/posts"}],"about":[{"href":"https:\/\/minutaregional.cl\/index.php?rest_route=\/wp\/v2\/types\/post"}],"author":[{"embeddable":true,"href":"https:\/\/minutaregional.cl\/index.php?rest_route=\/wp\/v2\/users\/1"}],"replies":[{"embeddable":true,"href":"https:\/\/minutaregional.cl\/index.php?rest_route=%2Fwp%2Fv2%2Fcomments&post=2617"}],"version-history":[{"count":1,"href":"https:\/\/minutaregional.cl\/index.php?rest_route=\/wp\/v2\/posts\/2617\/revisions"}],"predecessor-version":[{"id":2619,"href":"https:\/\/minutaregional.cl\/index.php?rest_route=\/wp\/v2\/posts\/2617\/revisions\/2619"}],"wp:featuredmedia":[{"embeddable":true,"href":"https:\/\/minutaregional.cl\/index.php?rest_route=\/wp\/v2\/media\/2618"}],"wp:attachment":[{"href":"https:\/\/minutaregional.cl\/index.php?rest_route=%2Fwp%2Fv2%2Fmedia&parent=2617"}],"wp:term":[{"taxonomy":"category","embeddable":true,"href":"https:\/\/minutaregional.cl\/index.php?rest_route=%2Fwp%2Fv2%2Fcategories&post=2617"},{"taxonomy":"post_tag","embeddable":true,"href":"https:\/\/minutaregional.cl\/index.php?rest_route=%2Fwp%2Fv2%2Ftags&post=2617"}],"curies":[{"name":"wp","href":"https:\/\/api.w.org\/{rel}","templated":true}]}}