{"id":2611,"date":"2022-11-23T20:25:44","date_gmt":"2022-11-23T20:25:44","guid":{"rendered":"https:\/\/minutaregional.cl\/?p=2611"},"modified":"2022-11-23T20:25:44","modified_gmt":"2022-11-23T20:25:44","slug":"la-reactivacion-economica-sostenible-fue-el-tema-de-tercer-conversatorio-compromiso-regional","status":"publish","type":"post","link":"https:\/\/minutaregional.cl\/?p=2611","title":{"rendered":"La reactivaci\u00f3n econ\u00f3mica sostenible fue el tema de tercer conversatorio \u201cCompromiso Regional\u201d"},"content":{"rendered":"<ul>\n<li style=\"text-align: justify;\"><em>El ciclo de desayunos invita a reflexionar con el Cambio Clim\u00e1tico, es organizado por Cidere y el <\/em>el Mag\u00edster de Administraci\u00f3n de la Universidad Cat\u00f3lica del Norte sede Coquimbo, con el apoyo de Minera Los Pelambres.<\/li>\n<li style=\"text-align: justify;\"><em>La relaci\u00f3n con proveedores locales y regionales, el impulso a la inversi\u00f3n privada y buscar las oportunidades a futuro para la regi\u00f3n en cuanto a energ\u00edas m\u00e1s sustentables fueron parte de las ideas analizadas durante la jornada.\u00a0<\/em><\/li>\n<\/ul>\n<p style=\"text-align: justify;\">La tercera edici\u00f3n del conversatorio \u201cCompromiso Regional\u201d, se llev\u00f3 a cabo este martes en La Serena con el tema \u201cImpulsando una Reactivaci\u00f3n Econ\u00f3mica Sostenible\u201d, que sirvi\u00f3 para analizar la situaci\u00f3n econ\u00f3mica regional actual, las proyecciones de 2023, y las oportunidades que existen en la regi\u00f3n para crecer en el futuro.<\/p>\n<p style=\"text-align: justify;\">En la ocasi\u00f3n, participaron como expositores: Camila Ram\u00edrez, Directora Ejecutiva de la Fundaci\u00f3n Urbanismo Social; Katherinne Pulgar, Gerente de Abastecimiento Minera Los Pelambres; Cristian Morales, Director del Mag\u00edster en Administraci\u00f3n de la Universidad Cat\u00f3lica del Norte sede Coquimbo y Julio Pertuz\u00e9, Director del Mag\u00edster de Innovaci\u00f3n de la Pontificia Universidad Cat\u00f3lica de Chile.<\/p>\n<p style=\"text-align: justify;\">Adem\u00e1s, al encuentro asistieron autoridades regionales como la Seremi de Miner\u00eda, Constanza Espinosa, el Seremi de Cultura, Cedric Steinlen, el consejero regional Cristian Rondanelli, el concejal de La Serena F\u00e9lix Velasco, representantes de gremios empresariales, industriales, universidades y emprendedores.<\/p>\n<p style=\"text-align: justify;\">Los conversatorios \u201cCompromiso Regional\u201d, son un ciclo de desayunos por el Cambio Clim\u00e1tico y sus efectos en los ecosistemas de la Regi\u00f3n de Coquimbo que buscan contribuir, desde una visi\u00f3n constructiva, al an\u00e1lisis del estado actual y los desaf\u00edos del futuro de la regi\u00f3n. Son organizados por la Corporaci\u00f3n Industrial para el Desarrollo Regional (Cidere) y el Mag\u00edster de Administraci\u00f3n de la Universidad Cat\u00f3lica del Norte sede Coquimbo, con el apoyo de Minera Los Pelambres.<\/p>\n<p style=\"text-align: justify;\"><strong>Involucrar al entorno en las acciones sostenibles<\/strong><\/p>\n<p style=\"text-align: justify;\">Si bien la Organizaci\u00f3n para la Cooperaci\u00f3n y el Desarrollo Econ\u00f3micos (OCDE) anticipa que la econ\u00f3mica chilena se contraer\u00e1 un 0.5% el pr\u00f3ximo a\u00f1o, es fundamental reforzar el uso de nuevas tecnolog\u00edas e impulsar los proyectos energ\u00e9ticos en la regi\u00f3n.<\/p>\n<p style=\"text-align: justify;\">Esa fue parte de la reflexi\u00f3n que comparti\u00f3 Julio Pertuz\u00e9, Director del Mag\u00edster de Innovaci\u00f3n de la Universidad Cat\u00f3lica de Chile, quien coment\u00f3 que en 2023 se espera recesi\u00f3n con inflaci\u00f3n alta, lo que supone un impacto para los bolsillos de las familias.<\/p>\n<p style=\"text-align: justify;\">\u201cPor eso es importante saber qu\u00e9 cosas aprendimos durante la pandemia y la clave para poder reactivarse econ\u00f3micamente est\u00e1 en la incorporaci\u00f3n de nuevas tecnolog\u00edas que permitan equiparar las oportunidades de peque\u00f1os y grandes productores. Tambi\u00e9n hay que ver cu\u00e1les son las oportunidades a futuro para la regi\u00f3n, que est\u00e1n dadas en la energ\u00eda, en el cobre, y en c\u00f3mo estamos transitando hacia un matriz energ\u00e9tica m\u00e1s sustentable como el hidr\u00f3geno verde por ejemplo\u201d, precis\u00f3.<\/p>\n<p style=\"text-align: justify;\">Esta visi\u00f3n fue respaldada por Cristian Morales, Director del Mag\u00edster en Administraci\u00f3n de la UCN, quien abord\u00f3 el panorama econ\u00f3mico regional durante su intervenci\u00f3n.<\/p>\n<p style=\"text-align: justify;\">\u201cEsta es la primera regi\u00f3n que entr\u00f3 en recesi\u00f3n en el pa\u00eds y vemos que lo que puede mover la econom\u00eda es la inversi\u00f3n privada principalmente, en proyectos de miner\u00eda y energ\u00eda. (\u2026) El menor crecimiento y la mayor inflaci\u00f3n va a golpear fuerte a la regi\u00f3n de Coquimbo y en ese contexto es super importante que el sector p\u00fablico de se\u00f1ales claras para materializar inversi\u00f3n privada y agilizar los procesos de inversi\u00f3n p\u00fablica\u201d, acot\u00f3.<\/p>\n<p style=\"text-align: justify;\">Por su parte Katherinne Pulgar, Gerente de Abastecimiento Minera Los Pelambres, habl\u00f3 sobre el trabajo que se ha adelantado junto a los proveedores locales y regionales para impulsar su competitividad a trav\u00e9s del encadenamiento productivo.<\/p>\n<p style=\"text-align: justify;\">\u201cNosotros no podemos crecer si no tenemos esta relaci\u00f3n de socios estrat\u00e9gicos con nuestros proveedores, trabajadores y con las comunidades cercanas (\u2026) somos partidarios y queremos una reactivaci\u00f3n econ\u00f3mica por eso nuestro prop\u00f3sito es aumentar empleabilidad local, la diversidad e inclusi\u00f3n, y tener m\u00e1s proveedores locales dentro de nuestra faena, y eso har\u00e1 que seamos una compa\u00f1\u00eda mucho m\u00e1s competitiva\u201d, expres\u00f3.<\/p>\n<p style=\"text-align: justify;\">Finalmente, Camila Rodr\u00edguez, Directora Ejecutiva de la Fundaci\u00f3n Urbanismo Social, quien dio detalles del primer proyecto p\u00fablico de vivienda en arriendo en la regi\u00f3n, valor\u00f3 el encuentro regional porque la instituci\u00f3n que representa ha logrado trabajar de la mano con el servicio p\u00fablico y el sector privado para impulsar proyectos que disminuyan la desigualdad urbana y social.<\/p>\n<p style=\"text-align: justify;\">\u201cEl Plan de Emergencia Habitacional incorpora una inversi\u00f3n p\u00fablica muy importante, va a ser un financiamiento grande para que los proyectos de vivienda sean viables. En este contexto creemos que es muy importante involucrar a m\u00e1s actores para diversificar los tipos de soluciones que se van a entregar a las familias\u201d, sostuvo.<\/p>\n","protected":false},"excerpt":{"rendered":"<p>El ciclo de desayunos invita a reflexionar con el Cambio Clim\u00e1tico, es organizado por Cidere y el el Mag\u00edster de Administraci\u00f3n de la Universidad Cat\u00f3lica del Norte sede Coquimbo, con el apoyo de Minera Los Pelambres. La relaci\u00f3n con proveedores locales y regionales, el impulso a la inversi\u00f3n privada y<\/p>\n","protected":false},"author":1,"featured_media":2612,"comment_status":"closed","ping_status":"open","sticky":false,"template":"","format":"standard","meta":{"footnotes":""},"categories":[1],"tags":[],"class_list":["post-2611","post","type-post","status-publish","format-standard","has-post-thumbnail","hentry","category-noticias-regionales"],"_links":{"self":[{"href":"https:\/\/minutaregional.cl\/index.php?rest_route=\/wp\/v2\/posts\/2611","targetHints":{"allow":["GET"]}}],"collection":[{"href":"https:\/\/minutaregional.cl\/index.php?rest_route=\/wp\/v2\/posts"}],"about":[{"href":"https:\/\/minutaregional.cl\/index.php?rest_route=\/wp\/v2\/types\/post"}],"author":[{"embeddable":true,"href":"https:\/\/minutaregional.cl\/index.php?rest_route=\/wp\/v2\/users\/1"}],"replies":[{"embeddable":true,"href":"https:\/\/minutaregional.cl\/index.php?rest_route=%2Fwp%2Fv2%2Fcomments&post=2611"}],"version-history":[{"count":1,"href":"https:\/\/minutaregional.cl\/index.php?rest_route=\/wp\/v2\/posts\/2611\/revisions"}],"predecessor-version":[{"id":2613,"href":"https:\/\/minutaregional.cl\/index.php?rest_route=\/wp\/v2\/posts\/2611\/revisions\/2613"}],"wp:featuredmedia":[{"embeddable":true,"href":"https:\/\/minutaregional.cl\/index.php?rest_route=\/wp\/v2\/media\/2612"}],"wp:attachment":[{"href":"https:\/\/minutaregional.cl\/index.php?rest_route=%2Fwp%2Fv2%2Fmedia&parent=2611"}],"wp:term":[{"taxonomy":"category","embeddable":true,"href":"https:\/\/minutaregional.cl\/index.php?rest_route=%2Fwp%2Fv2%2Fcategories&post=2611"},{"taxonomy":"post_tag","embeddable":true,"href":"https:\/\/minutaregional.cl\/index.php?rest_route=%2Fwp%2Fv2%2Ftags&post=2611"}],"curies":[{"name":"wp","href":"https:\/\/api.w.org\/{rel}","templated":true}]}}