{"id":2607,"date":"2022-11-23T20:03:56","date_gmt":"2022-11-23T20:03:56","guid":{"rendered":"https:\/\/minutaregional.cl\/?p=2607"},"modified":"2022-11-23T20:03:56","modified_gmt":"2022-11-23T20:03:56","slug":"ministerio-del-medio-ambiente-otorga-certificacion-ambiental-de-excelencia-a-municipio-de-canela-y-a-establecimentos-escolares-de-la-comuna","status":"publish","type":"post","link":"https:\/\/minutaregional.cl\/?p=2607","title":{"rendered":"MINISTERIO DEL MEDIO AMBIENTE OTORGA CERTIFICACI\u00d3N AMBIENTAL DE EXCELENCIA A MUNICIPIO DE CANELA Y A ESTABLECIMENTOS ESCOLARES DE LA COMUNA"},"content":{"rendered":"<p style=\"text-align: justify;\">Durante un acto efectuado en el Sal\u00f3n Cultural de Canela Baja, que cont\u00f3 con la presencia del Seremi de Medio Ambiente Leonardo Gros, los concejales Homero Cort\u00e9s y Waldo Contreras, funcionarios del municipio, alumnos y alumnas de establecimientos escolares y vecinos de la comuna, el alcalde de Canela, Bernardo Leyton, recibi\u00f3 la distinci\u00f3n, en representaci\u00f3n del municipio de Canela.<\/p>\n<p style=\"text-align: justify;\">Se trata de la primera municipalidad en la provincia del Choapa y la cuarta en la regi\u00f3n de Coquimbo en alcanzar este nivel de certificaci\u00f3n ambiental que reconoce las gestiones pro-sustentabilidad en el territorio comunal.<\/p>\n<p style=\"text-align: justify;\">El alcalde de Canela Bernardo Leyton manifest\u00f3 su alegr\u00eda con esta distinci\u00f3n y destac\u00f3 el compromiso realizado por la unidad de medio ambiente del municipio \u201c estamos muy contentos l\u00f3gicamente por la certificaci\u00f3n de nuestros establecimientos educacionales que han sido parte fundamental tambi\u00e9n del proceso municipal, trabajar lo que fue la ordenanza municipal de medio ambiente tuvimos que trabajarla en varias sesiones, tuvo que sesionar la comisi\u00f3n de medio ambiente del concejo municipal finalmente es aprobada y aprobada en el pleno del consejo\u201d<\/p>\n<p style=\"text-align: justify;\">Leonardo Gros, Seremi de Medio Ambiente, explic\u00f3 que \u201cvarias noticias muy buenas para la comuna, para la gente que habita en Canela, primero un municipio comprometido con el medio ambiente que lleva un largo trabajo con compromiso, con convicci\u00f3n por avanzar hacia una mayor gesti\u00f3n una mayor capacidad de gesti\u00f3n ambiental local y que hoy certificamos en un nivel de excelencia y que por tanto trae nuevos desaf\u00edos para el equipo municipal as\u00ed que agradecer y felicitar a todos los funcionarios y funcionarios municipales en particular a su alcalde que siempre ha manifestado tremendo compromiso con el mundo del medio ambiente, con la sustentabilidad y al consejo municipal tambi\u00e9n por supuesto\u201d<\/p>\n<p style=\"text-align: justify;\">Uno de los requisitos para ser parte de este sistema de certificaci\u00f3n es la conformaci\u00f3n de un Comit\u00e9 Ambiental Comunal (CAC) integrado por dirigentes sociales que representan la mirada de la comunidad ante la gesti\u00f3n municipal en materia medioambiental.<\/p>\n<p style=\"text-align: justify;\">En ese sentido, Guadalupe del Carmen Rojo, presidenta del CAC de Canela, destac\u00f3 que el sistema de certificaci\u00f3n incluya la participaci\u00f3n de los vecinos. \u201crecibir esta certificaci\u00f3n es un orgullo para la comunidad y el municipio, y que ha involucrado el compromiso del alcalde Bernardo Leyton y la labor de los funcionarios municipales en conjunto con el Comit\u00e9 Ambiental Comunal. Este logro significa un reconocimiento, pero tambi\u00e9n que hay mucho m\u00e1s que hacer en el aspecto del cuidado medio ambiental, el que es muy importante para la municipalidad, hay temas tales como el calentamiento global y el cambio clim\u00e1tico que como ciudadanos tenemos que enfrentar, ah\u00ed tendremos una tarea que cumplir\u201d.<\/p>\n<p style=\"text-align: justify;\">En la ocasi\u00f3n tambi\u00e9n se certificaron establecimientos educacionales de la comuna como fue el caso del jard\u00edn infantil Las Ardillitas en nivel B\u00e1sico, los jardines infantiles Semillitas de Alegr\u00eda y \u00a0Las Hormiguitas en nivel Medio, y la escuela b\u00e1sica H\u00e9ctor Jorquera Valencia en nivel de Excelencia.<\/p>\n","protected":false},"excerpt":{"rendered":"<p>Durante un acto efectuado en el Sal\u00f3n Cultural de Canela Baja, que cont\u00f3 con la presencia del Seremi de Medio Ambiente Leonardo Gros, los concejales Homero Cort\u00e9s y Waldo Contreras, funcionarios del municipio, alumnos y alumnas de establecimientos escolares y vecinos de la comuna, el alcalde de Canela, Bernardo Leyton,<\/p>\n","protected":false},"author":1,"featured_media":2608,"comment_status":"closed","ping_status":"open","sticky":false,"template":"","format":"standard","meta":{"footnotes":""},"categories":[21,38],"tags":[],"class_list":["post-2607","post","type-post","status-publish","format-standard","has-post-thumbnail","hentry","category-municipalidades","category-seremia-medio-ambiente"],"_links":{"self":[{"href":"https:\/\/minutaregional.cl\/index.php?rest_route=\/wp\/v2\/posts\/2607","targetHints":{"allow":["GET"]}}],"collection":[{"href":"https:\/\/minutaregional.cl\/index.php?rest_route=\/wp\/v2\/posts"}],"about":[{"href":"https:\/\/minutaregional.cl\/index.php?rest_route=\/wp\/v2\/types\/post"}],"author":[{"embeddable":true,"href":"https:\/\/minutaregional.cl\/index.php?rest_route=\/wp\/v2\/users\/1"}],"replies":[{"embeddable":true,"href":"https:\/\/minutaregional.cl\/index.php?rest_route=%2Fwp%2Fv2%2Fcomments&post=2607"}],"version-history":[{"count":1,"href":"https:\/\/minutaregional.cl\/index.php?rest_route=\/wp\/v2\/posts\/2607\/revisions"}],"predecessor-version":[{"id":2609,"href":"https:\/\/minutaregional.cl\/index.php?rest_route=\/wp\/v2\/posts\/2607\/revisions\/2609"}],"wp:featuredmedia":[{"embeddable":true,"href":"https:\/\/minutaregional.cl\/index.php?rest_route=\/wp\/v2\/media\/2608"}],"wp:attachment":[{"href":"https:\/\/minutaregional.cl\/index.php?rest_route=%2Fwp%2Fv2%2Fmedia&parent=2607"}],"wp:term":[{"taxonomy":"category","embeddable":true,"href":"https:\/\/minutaregional.cl\/index.php?rest_route=%2Fwp%2Fv2%2Fcategories&post=2607"},{"taxonomy":"post_tag","embeddable":true,"href":"https:\/\/minutaregional.cl\/index.php?rest_route=%2Fwp%2Fv2%2Ftags&post=2607"}],"curies":[{"name":"wp","href":"https:\/\/api.w.org\/{rel}","templated":true}]}}