{"id":2590,"date":"2022-11-22T21:57:21","date_gmt":"2022-11-22T21:57:21","guid":{"rendered":"https:\/\/minutaregional.cl\/?p=2590"},"modified":"2022-11-22T21:59:21","modified_gmt":"2022-11-22T21:59:21","slug":"robo-de-cables-afecta-al-valle-de-elqui-delincuentes-sustraen-mas-de-1-500-metros-en-localidad-de-gualliguaica-y-dejan-sin-energia-a-191-familias-de-vicuna","status":"publish","type":"post","link":"https:\/\/minutaregional.cl\/?p=2590","title":{"rendered":"Robo de cables afecta al valle de Elqui: Delincuentes sustraen m\u00e1s de 1.500 metros en localidad de Gualliguaica y dejan sin energ\u00eda a 191 familias de Vicu\u00f1a"},"content":{"rendered":"<ul>\n<li style=\"text-align: justify;\">Un grupo de sujetos lleg\u00f3 de madrugada al sector y destruy\u00f3 l\u00edneas de media tensi\u00f3n que mantuvo durante varias horas a brigadas de CGE en las maniobras de normalizaci\u00f3n.<\/li>\n<\/ul>\n<p style=\"text-align: justify;\"><strong>\u00a0<\/strong>Un complejo despertar tuvieron cerca de 200 familias de la localidad de Gualliguaica en la comuna de Vicu\u00f1a. Esto, pues poco antes del amanecer, un grupo indeterminado de sujetos lleg\u00f3 hasta el sector con la intenci\u00f3n de robar cable de cobre en las l\u00edneas de distribuci\u00f3n el\u00e9ctrica.<\/p>\n<p style=\"text-align: justify;\">La acci\u00f3n de los antisociales result\u00f3 en el robo de 1.536 metros de cable de cobre y 191 familias sin energ\u00eda y una nueva comuna que se suma a la larga lista de lugares que han sido afectados por este delito que es cometido por bandas organizadas.<\/p>\n<p style=\"text-align: justify;\">R\u00e1pidamente, los equipos de la compa\u00f1\u00eda el\u00e9ctrica CGE -propietaria de las redes da\u00f1adas- concurrieron al lugar para normalizar los servicios. Fue as\u00ed como durante la ma\u00f1ana trabajaron brigadas pesadas para reponer la infraestructura que corresponde al Alimentador El Tambo, cuya normalizaci\u00f3n fue pasadas las 14:30 horas.<\/p>\n<p style=\"text-align: justify;\">omo parte de los procedimientos adoptados por CGE ante este tipo de il\u00edcitos, est\u00e1 proporcionar en las pr\u00f3ximas horas los antecedentes a los organismos competentes y estampar una denuncia, debido a la severa afectaci\u00f3n a la continuidad del suministro. Con esto se busca establecer responsabilidades en los individuos que est\u00e1n detr\u00e1s de este delito, adem\u00e1s de determinar el destino y reducci\u00f3n del conductor de cobre que ha sido sustra\u00eddo desde las redes el\u00e9ctricas.<\/p>\n<p style=\"text-align: justify;\">\u201cEste tipo de delito no s\u00f3lo afecta a las instalaciones de distribuci\u00f3n de energ\u00eda, sino que tambi\u00e9n tiene lamentables consecuencias para la calidad de vida de las personas. Por lo mismo, la empresa hace un llamado a la comunidad a denunciar cualquier atentado o intervenci\u00f3n no autorizada en las redes el\u00e9ctricas para tomar las acciones legales correspondientes\u201d, coment\u00f3 \u00d3scar Jerez, gerente zonal de CGE Coquimbo.<\/p>\n<p style=\"text-align: justify;\">Como el robo de cables de cobre se ha convertido en un asunto de seguridad p\u00fablica -por los impactos que genera en la comunidad- se ha ido avanzando en disponer de una alianza p\u00fablico \u2013 privada alojada en una mesa de trabajo. \u201cVamos a reforzar nuestro trabajo con las autoridades, la Fiscal\u00eda y las polic\u00edas para elaborar un plan de acci\u00f3n con foco en la seguridad en torno a las instalaciones el\u00e9ctricas de distribuci\u00f3n, ya que nuestra principal preocupaci\u00f3n es la calidad y continuidad del servicio para nuestros clientes\u201d, se\u00f1al\u00f3 Jerez.<\/p>\n<p>&nbsp;<\/p>\n<p>&nbsp;<\/p>\n","protected":false},"excerpt":{"rendered":"<p>Un grupo de sujetos lleg\u00f3 de madrugada al sector y destruy\u00f3 l\u00edneas de media tensi\u00f3n que mantuvo durante varias horas a brigadas de CGE en las maniobras de normalizaci\u00f3n. \u00a0Un complejo despertar tuvieron cerca de 200 familias de la localidad de Gualliguaica en la comuna de Vicu\u00f1a. Esto, pues poco<\/p>\n","protected":false},"author":1,"featured_media":2594,"comment_status":"closed","ping_status":"open","sticky":false,"template":"","format":"standard","meta":{"footnotes":""},"categories":[49],"tags":[],"class_list":["post-2590","post","type-post","status-publish","format-standard","has-post-thumbnail","hentry","category-cge-distribucion-s-a"],"_links":{"self":[{"href":"https:\/\/minutaregional.cl\/index.php?rest_route=\/wp\/v2\/posts\/2590","targetHints":{"allow":["GET"]}}],"collection":[{"href":"https:\/\/minutaregional.cl\/index.php?rest_route=\/wp\/v2\/posts"}],"about":[{"href":"https:\/\/minutaregional.cl\/index.php?rest_route=\/wp\/v2\/types\/post"}],"author":[{"embeddable":true,"href":"https:\/\/minutaregional.cl\/index.php?rest_route=\/wp\/v2\/users\/1"}],"replies":[{"embeddable":true,"href":"https:\/\/minutaregional.cl\/index.php?rest_route=%2Fwp%2Fv2%2Fcomments&post=2590"}],"version-history":[{"count":2,"href":"https:\/\/minutaregional.cl\/index.php?rest_route=\/wp\/v2\/posts\/2590\/revisions"}],"predecessor-version":[{"id":2595,"href":"https:\/\/minutaregional.cl\/index.php?rest_route=\/wp\/v2\/posts\/2590\/revisions\/2595"}],"wp:featuredmedia":[{"embeddable":true,"href":"https:\/\/minutaregional.cl\/index.php?rest_route=\/wp\/v2\/media\/2594"}],"wp:attachment":[{"href":"https:\/\/minutaregional.cl\/index.php?rest_route=%2Fwp%2Fv2%2Fmedia&parent=2590"}],"wp:term":[{"taxonomy":"category","embeddable":true,"href":"https:\/\/minutaregional.cl\/index.php?rest_route=%2Fwp%2Fv2%2Fcategories&post=2590"},{"taxonomy":"post_tag","embeddable":true,"href":"https:\/\/minutaregional.cl\/index.php?rest_route=%2Fwp%2Fv2%2Ftags&post=2590"}],"curies":[{"name":"wp","href":"https:\/\/api.w.org\/{rel}","templated":true}]}}