{"id":2587,"date":"2022-11-22T21:39:26","date_gmt":"2022-11-22T21:39:26","guid":{"rendered":"https:\/\/minutaregional.cl\/?p=2587"},"modified":"2022-11-22T21:39:26","modified_gmt":"2022-11-22T21:39:26","slug":"diputado-manouchehri-apoyo-de-la-moneda-al-derecho-al-olvido-financiero-es-una-buena-noticia-para-millones-de-chilenos","status":"publish","type":"post","link":"https:\/\/minutaregional.cl\/?p=2587","title":{"rendered":"Diputado Manouchehri: \u201cApoyo de La Moneda al \u2018Derecho al Olvido Financiero\u2019 es una buena noticia para millones de chilenos\u00bb"},"content":{"rendered":"<p style=\"text-align: justify;\"><strong><em>Tras una reuni\u00f3n de la ministra Segpres y el ministro de Econom\u00eda con un grupo de diputados en La Moneda, el gobierno brind\u00f3 su apoyo al proyecto que termina con el registro hist\u00f3rico de deudas.<\/em><\/strong><\/p>\n<p style=\"text-align: justify;\"><strong>\u00a0<\/strong><strong>\u00a0<\/strong>Un grupo de diputados del Partido Socialista y Convergencia Social se reuni\u00f3 en el Palacio de La Moneda con la ministra Secretaria General de la Presidencia, Ana Lya Uriarte, y el ministro de Econom\u00eda, Nicol\u00e1s Grau, para abordar el impulso de la agenda de ayuda al endeudado y anti abusos. El diputado socialista Daniel Manouchehri enfatiz\u00f3 que \u201cel nivel de endeudamiento que tienen los chilenos es una verdadera emergencia\u201d.<\/p>\n<p style=\"text-align: justify;\">\u201cEs por eso que hoy d\u00eda hemos conversado sobre una serie de proyectos de ley, muy en especial respecto al \u2018Derecho al Olvido Financiero\u2019. Este es un proyecto popularmente conocido como &#8216;Chao Hist\u00f3rico&#8217;, que permite que se pueda hacer justicia a aquellos que han tenido deudas de m\u00e1s de 5 a\u00f1os que son prescritas, incluso, deudas que han sido pagadas pero que la banca guarda para perjudicar a las personas\u201d, agreg\u00f3 Manouchehri.<\/p>\n<p style=\"text-align: justify;\">Junto al legislador, presidente de la Comisi\u00f3n de Econom\u00eda de la C\u00e1mara, acudieron a la cita las y los parlamentarios del PS Ana Mar\u00eda Bravo, Daniella Cicardini y Daniel Melo, y Javiera Morales de Convergencia. \u201cEstamos haciendo frente al endeudamiento y al tr\u00e1fico de datos, y le hemos pedido al Ejecutivo que nos ayude a poder impulsar estos proyectos\u201d, indic\u00f3 Manouchehri. En esa l\u00ednea, destac\u00f3 que \u201chemos tenido una buena recepci\u00f3n de parte de la ministra Ana Lya Uriarte y del ministro de Econom\u00eda, Nicol\u00e1s Grau\u201d.<\/p>\n<p style=\"text-align: justify;\">Precisamente, la ministra Uriarte se\u00f1al\u00f3 que \u201cpara el gobierno, esta agenda es muy importante y cuentan con todo nuestro apoyo los parlamentarios que hoy nos han visitado. Hemos determinado presentar hoy mismo una indicaci\u00f3n para reforzar el proyecto de los diputados y que estamos haciendo menci\u00f3n en este caso\u201d.<\/p>\n<p style=\"text-align: justify;\">\u201cFelicitamos a los diputados por traer una propuesta que beneficia a la gran mayor\u00eda de los chilenos y que corresponde, en justicia, hacerse cargo de esta falencia de nuestro sistema. Comprometemos el apoyo al proyecto para que muy prontamente esta iniciativa vea la luz jur\u00eddica\u201d, recalc\u00f3 Ana Lya Uriarte.<\/p>\n<p style=\"text-align: justify;\">El diputado Manouchehri valor\u00f3 las palabras de la autoridad, subrayando que \u201cel gobierno del Presidente Gabriel Boric tiene conciencia respecto de la importancia de estos temas y creemos que esta es una buena noticia que el gobierno nos pueda ayudar avanzando en estos proyectos\u201d.<\/p>\n<p style=\"text-align: justify;\">\u201cIndistintamente de lo que pase con la presidencia de la Comisi\u00f3n de Econom\u00eda, tenemos confianza, certeza y seguridad de que vamos a avanzar con estos proyectos que es lo que realmente la gente espera de nosotros. La gente espera que nos pongamos de acuerdo en los temas que les importa, no en la peque\u00f1a &#8216;chimuchina&#8217; pol\u00edtica que tanto da\u00f1o le hace a nuestro pa\u00eds\u201d, cerr\u00f3 el legislador de la Regi\u00f3n de Coquimbo.<\/p>\n<p>&nbsp;<\/p>\n","protected":false},"excerpt":{"rendered":"<p>Tras una reuni\u00f3n de la ministra Segpres y el ministro de Econom\u00eda con un grupo de diputados en La Moneda, el gobierno brind\u00f3 su apoyo al proyecto que termina con el registro hist\u00f3rico de deudas. \u00a0\u00a0Un grupo de diputados del Partido Socialista y Convergencia Social se reuni\u00f3 en el Palacio<\/p>\n","protected":false},"author":1,"featured_media":2588,"comment_status":"closed","ping_status":"open","sticky":false,"template":"","format":"standard","meta":{"footnotes":""},"categories":[26],"tags":[],"class_list":["post-2587","post","type-post","status-publish","format-standard","has-post-thumbnail","hentry","category-camara-de-diputadas-y-diputados"],"_links":{"self":[{"href":"https:\/\/minutaregional.cl\/index.php?rest_route=\/wp\/v2\/posts\/2587","targetHints":{"allow":["GET"]}}],"collection":[{"href":"https:\/\/minutaregional.cl\/index.php?rest_route=\/wp\/v2\/posts"}],"about":[{"href":"https:\/\/minutaregional.cl\/index.php?rest_route=\/wp\/v2\/types\/post"}],"author":[{"embeddable":true,"href":"https:\/\/minutaregional.cl\/index.php?rest_route=\/wp\/v2\/users\/1"}],"replies":[{"embeddable":true,"href":"https:\/\/minutaregional.cl\/index.php?rest_route=%2Fwp%2Fv2%2Fcomments&post=2587"}],"version-history":[{"count":1,"href":"https:\/\/minutaregional.cl\/index.php?rest_route=\/wp\/v2\/posts\/2587\/revisions"}],"predecessor-version":[{"id":2589,"href":"https:\/\/minutaregional.cl\/index.php?rest_route=\/wp\/v2\/posts\/2587\/revisions\/2589"}],"wp:featuredmedia":[{"embeddable":true,"href":"https:\/\/minutaregional.cl\/index.php?rest_route=\/wp\/v2\/media\/2588"}],"wp:attachment":[{"href":"https:\/\/minutaregional.cl\/index.php?rest_route=%2Fwp%2Fv2%2Fmedia&parent=2587"}],"wp:term":[{"taxonomy":"category","embeddable":true,"href":"https:\/\/minutaregional.cl\/index.php?rest_route=%2Fwp%2Fv2%2Fcategories&post=2587"},{"taxonomy":"post_tag","embeddable":true,"href":"https:\/\/minutaregional.cl\/index.php?rest_route=%2Fwp%2Fv2%2Ftags&post=2587"}],"curies":[{"name":"wp","href":"https:\/\/api.w.org\/{rel}","templated":true}]}}