{"id":2583,"date":"2022-11-21T21:59:43","date_gmt":"2022-11-21T21:59:43","guid":{"rendered":"https:\/\/minutaregional.cl\/?p=2583"},"modified":"2022-11-21T21:59:43","modified_gmt":"2022-11-21T21:59:43","slug":"pymes-se-suman-a-rechazo-a-censura-contra-diputado-manouchehri","status":"publish","type":"post","link":"https:\/\/minutaregional.cl\/?p=2583","title":{"rendered":"Pymes se suman a rechazo a censura contra diputado Manouchehri"},"content":{"rendered":"<p style=\"text-align: justify;\"><strong><em>Unapyme se\u00f1al\u00f3 que el presidente de la Comisi\u00f3n de Econom\u00eda de la C\u00e1mara de Diputados \u201cha sido el portador de las esperanzas de cientos de miles de Pymes\u201d.<\/em><\/strong><\/p>\n<p style=\"text-align: justify;\">En la antesala de la votaci\u00f3n de censura en contra del diputado socialista Daniel Manouchehri, presidente de la Comisi\u00f3n de Econom\u00eda de la C\u00e1mara de Diputados, la organizaci\u00f3n Unapyme manifest\u00f3 su respaldo a la gesti\u00f3n del legislador y su preocupaci\u00f3n por la continuidad de la agenda pro emprendimiento de la instancia.<\/p>\n<p style=\"text-align: justify;\">Mediante una carta a la comisi\u00f3n, la Uni\u00f3n Nacional de Organizaciones Gremiales de Micro, Peque\u00f1a, Mediana Empresa emplaz\u00f3 a Gonzalo De La Carrera, diputado que impuls\u00f3 la censura. \u201cDetr\u00e1s de esta censura pueden existir otros intereses, contrarios a las Pymes y los ciudadanos. Ser\u00eda sorprendente que apoyaran en esta decisi\u00f3n justamente a quien ha votado siempre en contra de los intereses de las Pymes\u201d, se\u00f1alaron.<\/p>\n<p style=\"text-align: justify;\">En esa l\u00ednea, la organizaci\u00f3n representada por su secretario general Luis Sol\u00eds, ve \u201ccon preocupaci\u00f3n que una decisi\u00f3n pol\u00edtica, como la censura del actual presidente de la instancia, pueda ser regresiva para los intereses de las Pymes y sus trabajadores. El diputado Manouchehri ha sido un portador de las esperanzas de ayuda para cientos de miles de Pymes\u201d.<\/p>\n<p style=\"text-align: justify;\">As\u00ed la agrupaci\u00f3n se sum\u00f3 al apoyo entregado por Conadecus. Su presidente, Hern\u00e1n Calder\u00f3n, asever\u00f3 que Manouchehri \u201cha sido un puntal en la defensa de los derechos de los consumidores de todo Chile. Respaldando medidas que buscan mejorar la calidad y el desarrollo de pol\u00edticas p\u00fablicas en la defensa de todos los consumidores\u201d.<\/p>\n<p style=\"text-align: justify;\">\u201cLa agenda impulsada desde la Comisi\u00f3n de Econom\u00eda es apoyada por cientos de miles de Pymes de Chile. Hemos visto c\u00f3mo esta comisi\u00f3n est\u00e1 dando la pauta a muchas instituciones pol\u00edticas, marcando la discusi\u00f3n de proyectos de inter\u00e9s masivo para peque\u00f1os y medianos empresarios, para lograr superar dif\u00edciles momentos econ\u00f3micos\u201d, destac\u00f3 Unapyme.<\/p>\n<p style=\"text-align: justify;\">En la misiva enviada por la organizaci\u00f3n civil, destacaron la agenda propiciada por el legislador de la Regi\u00f3n de Coquimbo, principalmente la tramitaci\u00f3n de los proyectos \u201cChao Dicom\u201d, \u201cSalvavidas Pymes\u201d y \u201cDerecho al olvido financiero\u201d. Todas iniciativas orientadas al rescate del emprendimiento y defensa de los millones de los deudores morosos del pa\u00eds.<\/p>\n","protected":false},"excerpt":{"rendered":"<p>Unapyme se\u00f1al\u00f3 que el presidente de la Comisi\u00f3n de Econom\u00eda de la C\u00e1mara de Diputados \u201cha sido el portador de las esperanzas de cientos de miles de Pymes\u201d. En la antesala de la votaci\u00f3n de censura en contra del diputado socialista Daniel Manouchehri, presidente de la Comisi\u00f3n de Econom\u00eda de<\/p>\n","protected":false},"author":1,"featured_media":2584,"comment_status":"closed","ping_status":"open","sticky":false,"template":"","format":"standard","meta":{"footnotes":""},"categories":[26],"tags":[],"class_list":["post-2583","post","type-post","status-publish","format-standard","has-post-thumbnail","hentry","category-camara-de-diputadas-y-diputados"],"_links":{"self":[{"href":"https:\/\/minutaregional.cl\/index.php?rest_route=\/wp\/v2\/posts\/2583","targetHints":{"allow":["GET"]}}],"collection":[{"href":"https:\/\/minutaregional.cl\/index.php?rest_route=\/wp\/v2\/posts"}],"about":[{"href":"https:\/\/minutaregional.cl\/index.php?rest_route=\/wp\/v2\/types\/post"}],"author":[{"embeddable":true,"href":"https:\/\/minutaregional.cl\/index.php?rest_route=\/wp\/v2\/users\/1"}],"replies":[{"embeddable":true,"href":"https:\/\/minutaregional.cl\/index.php?rest_route=%2Fwp%2Fv2%2Fcomments&post=2583"}],"version-history":[{"count":1,"href":"https:\/\/minutaregional.cl\/index.php?rest_route=\/wp\/v2\/posts\/2583\/revisions"}],"predecessor-version":[{"id":2585,"href":"https:\/\/minutaregional.cl\/index.php?rest_route=\/wp\/v2\/posts\/2583\/revisions\/2585"}],"wp:featuredmedia":[{"embeddable":true,"href":"https:\/\/minutaregional.cl\/index.php?rest_route=\/wp\/v2\/media\/2584"}],"wp:attachment":[{"href":"https:\/\/minutaregional.cl\/index.php?rest_route=%2Fwp%2Fv2%2Fmedia&parent=2583"}],"wp:term":[{"taxonomy":"category","embeddable":true,"href":"https:\/\/minutaregional.cl\/index.php?rest_route=%2Fwp%2Fv2%2Fcategories&post=2583"},{"taxonomy":"post_tag","embeddable":true,"href":"https:\/\/minutaregional.cl\/index.php?rest_route=%2Fwp%2Fv2%2Ftags&post=2583"}],"curies":[{"name":"wp","href":"https:\/\/api.w.org\/{rel}","templated":true}]}}