{"id":2580,"date":"2022-11-20T14:07:37","date_gmt":"2022-11-20T14:07:37","guid":{"rendered":"https:\/\/minutaregional.cl\/?p=2580"},"modified":"2022-11-20T14:07:37","modified_gmt":"2022-11-20T14:07:37","slug":"diputado-de-rementeria-ps-la-derecha-debera-decidir-si-sigue-a-de-la-carrera-y-pancho-malo","status":"publish","type":"post","link":"https:\/\/minutaregional.cl\/?p=2580","title":{"rendered":"Diputado De Rementer\u00eda (PS): \u201cLa derecha deber\u00e1 decidir si sigue a De La Carrera y Pancho Malo\u201d"},"content":{"rendered":"<p style=\"text-align: justify;\">El diputado Tom\u00e1s De Rementer\u00eda, subjefe de la Bancada de Diputadas y Diputados PS, emplaz\u00f3 a la oposici\u00f3n en la antesala de la votaci\u00f3n de censura contra su compa\u00f1ero de partido, Daniel Manouchehri, en la presidencia de la Comisi\u00f3n de Econom\u00eda.<\/p>\n<p style=\"text-align: justify;\">El legislador de la Regi\u00f3n de Valpara\u00edso calific\u00f3 de \u201cinjusta\u201d la posibilidad que Chile Vamos y el Partido de la Gente se cuadren con la moci\u00f3n solicitada por Gonzalo De La Carrera, indicando que \u201ccreemos que no debe ser censurado y, si una censura llegara a buen puerto, esto ser\u00eda una injusticia grave y un da\u00f1o causado a la democracia terrible\u201d.<\/p>\n<p style=\"text-align: justify;\">\u201cNo nos parece que la derecha llamada \u2018democr\u00e1tica\u2019, \u2018tradicional\u2019 o \u2018centro derecha\u2019, le haga el juego a estos sectores extremos que usan la violencia pol\u00edtica no s\u00f3lo en el hemiciclo en forma f\u00edsica; ya hemos visto que Gonzalo De La Carrera ha tenido dos o tres casos de agresi\u00f3n; sino que tambi\u00e9n a trav\u00e9s de las redes sociales, utilizando el \u2018Team Patriota\u2019 y a este se\u00f1or \u2018Pancho Malo\u2019 para generar miedo y que se vote forzadamente\u201d, se\u00f1al\u00f3 De Rementer\u00eda.<\/p>\n<p style=\"text-align: justify;\">Asimismo, el subjefe de la bancada socialista arremeti\u00f3 contra el legislador ex Republicanos, \u201cquien ha hecho uso de informaci\u00f3n falsa e informaci\u00f3n privada\u201d para atacar a Manouchehri. \u201cHa estado en contra de todas las iniciativas de la comisi\u00f3n, protegiendo los grandes intereses econ\u00f3micos y es por eso que vemos que la forma matonesca en que ha hecho pol\u00edtica, a trav\u00e9s del se\u00f1or Francisco Mu\u00f1oz llamado \u2018Pancho Malo\u2019, quien ha llamado a amenazar a los diputados miembros de la comisi\u00f3n para que voten a favor de la censura, es bastante grave\u201d, recalc\u00f3.<\/p>\n<p style=\"text-align: justify;\">En esa l\u00ednea, el diputado del Distrito 7 respald\u00f3 la gesti\u00f3n de Manouchehri en la Comisi\u00f3n de Econom\u00eda, afirmando que la censura es injusta porque \u201cla raz\u00f3n esgrimida es falsa, \u2018que ha puesto puros proyectos que son de origen del propio diputado Manouchehri\u2019, porque hay proyectos de todos. Vemos, por ejemplo, que el diputado Mellado es patrocinante de varios y la diputada Cid tambi\u00e9n. Se han presentado una serie de proyectos transversales que han contado con votaciones bastante amplias\u201d.<\/p>\n<p style=\"text-align: justify;\">\u201cDaniel ha sido un excelente presidente de la Comisi\u00f3n de Econom\u00eda. Ha sido transversal en los proyectos que ha puesto en tabla. Ha generado instancias de di\u00e1logo con todos los parlamentarios de distintos partidos, del PDG, de la derecha y de los partidos de gobierno. Tambi\u00e9n ha establecido un funcionamiento que ha hecho que esa comisi\u00f3n sea una de las m\u00e1s exitosas en poner \u0301proyectos de ley, que han significado, desde su liderazgo, poner temas tan importantes como la salud financiera de las personas, la protecci\u00f3n de los datos personales, la posibilidad de las Pymes de reemprender\u201d, agreg\u00f3 De Rementer\u00eda.<\/p>\n<p style=\"text-align: justify;\">La votaci\u00f3n de la censura contra Daniel Manouchehri ser\u00e1 el martes 22 de noviembre, luego de votar en particular el proyecto \u201cDerecho al olvido financiero\u201d, impulsado por el legislador de la Regi\u00f3n de Coquimbo.<\/p>\n<p>&nbsp;<\/p>\n<p>&nbsp;<\/p>\n<p>&nbsp;<\/p>\n","protected":false},"excerpt":{"rendered":"<p>El diputado Tom\u00e1s De Rementer\u00eda, subjefe de la Bancada de Diputadas y Diputados PS, emplaz\u00f3 a la oposici\u00f3n en la antesala de la votaci\u00f3n de censura contra su compa\u00f1ero de partido, Daniel Manouchehri, en la presidencia de la Comisi\u00f3n de Econom\u00eda. El legislador de la Regi\u00f3n de Valpara\u00edso calific\u00f3 de<\/p>\n","protected":false},"author":1,"featured_media":2581,"comment_status":"closed","ping_status":"open","sticky":false,"template":"","format":"standard","meta":{"footnotes":""},"categories":[26],"tags":[],"class_list":["post-2580","post","type-post","status-publish","format-standard","has-post-thumbnail","hentry","category-camara-de-diputadas-y-diputados"],"_links":{"self":[{"href":"https:\/\/minutaregional.cl\/index.php?rest_route=\/wp\/v2\/posts\/2580","targetHints":{"allow":["GET"]}}],"collection":[{"href":"https:\/\/minutaregional.cl\/index.php?rest_route=\/wp\/v2\/posts"}],"about":[{"href":"https:\/\/minutaregional.cl\/index.php?rest_route=\/wp\/v2\/types\/post"}],"author":[{"embeddable":true,"href":"https:\/\/minutaregional.cl\/index.php?rest_route=\/wp\/v2\/users\/1"}],"replies":[{"embeddable":true,"href":"https:\/\/minutaregional.cl\/index.php?rest_route=%2Fwp%2Fv2%2Fcomments&post=2580"}],"version-history":[{"count":1,"href":"https:\/\/minutaregional.cl\/index.php?rest_route=\/wp\/v2\/posts\/2580\/revisions"}],"predecessor-version":[{"id":2582,"href":"https:\/\/minutaregional.cl\/index.php?rest_route=\/wp\/v2\/posts\/2580\/revisions\/2582"}],"wp:featuredmedia":[{"embeddable":true,"href":"https:\/\/minutaregional.cl\/index.php?rest_route=\/wp\/v2\/media\/2581"}],"wp:attachment":[{"href":"https:\/\/minutaregional.cl\/index.php?rest_route=%2Fwp%2Fv2%2Fmedia&parent=2580"}],"wp:term":[{"taxonomy":"category","embeddable":true,"href":"https:\/\/minutaregional.cl\/index.php?rest_route=%2Fwp%2Fv2%2Fcategories&post=2580"},{"taxonomy":"post_tag","embeddable":true,"href":"https:\/\/minutaregional.cl\/index.php?rest_route=%2Fwp%2Fv2%2Ftags&post=2580"}],"curies":[{"name":"wp","href":"https:\/\/api.w.org\/{rel}","templated":true}]}}