{"id":2573,"date":"2022-11-19T19:47:28","date_gmt":"2022-11-19T19:47:28","guid":{"rendered":"https:\/\/minutaregional.cl\/?p=2573"},"modified":"2022-11-19T19:47:28","modified_gmt":"2022-11-19T19:47:28","slug":"asociacion-de-consumidores-diputado-manouchehri-ha-sido-un-puntal-en-la-defensa-de-los-consumidores-de-chile","status":"publish","type":"post","link":"https:\/\/minutaregional.cl\/?p=2573","title":{"rendered":"Asociaci\u00f3n de consumidores: \u201cDiputado Manouchehri ha sido un puntal en la defensa de los consumidores de Chile\u201d"},"content":{"rendered":"<p><a href=\"https:\/\/minutaregional.cl\/wp-content\/uploads\/2022\/11\/Carta-de-Conadecus-por-Hernan-Caleron-Ruiz.pdf\">Carta de Conadecus, por Hern\u00e1n Caler\u00f3n Ru\u00edz<\/a><\/p>\n<p style=\"text-align: justify;\"><strong><em>Conadecus respald\u00f3 la gesti\u00f3n del presidente Comisi\u00f3n de Econom\u00eda de la C\u00e1mara de Diputados, Daniel Manouchehri, previo a la votaci\u00f3n de censura en su contra, y emplaz\u00f3 a los miembros de la comisi\u00f3n a considerar la agenda del legislador PS por sobre intereses pol\u00edticos.<\/em><\/strong><\/p>\n<p style=\"text-align: justify;\">La Corporaci\u00f3n Nacional de Consumidores y Usuarios, Conadecus, respald\u00f3 al presidente de la Comisi\u00f3n de Econom\u00eda de la C\u00e1mara de Diputados, Daniel Manouchehri, en la antesala de la votaci\u00f3n de censura en su contra. En la sesi\u00f3n del 8 de noviembre, el diputado Gonzalo De La Carrera solicit\u00f3 la censura del parlamentario socialista y su votaci\u00f3n est\u00e1 programada para el martes 22.<\/p>\n<p style=\"text-align: justify;\">Mediante una carta enviada a la comisi\u00f3n, la organizaci\u00f3n presidida por Hern\u00e1n Calder\u00f3n se\u00f1al\u00f3 que el diputado Manouchehri \u201cha sido un puntal en la defensa de los derechos de los consumidores de todo Chile. Respaldando medidas que buscan mejorar la calidad y el desarrollo de pol\u00edticas p\u00fablicas en la defensa de todos los consumidores\u201d.<\/p>\n<p style=\"text-align: justify;\">En esa l\u00ednea, desde Conadecus criticaron la solicitud de censura liderada por De La Carrera, quien \u201cse\u00f1ala como argumento que el diputado Manouchehri ha presentado proyectos de \u2018inter\u00e9s particular\u2019. Como asociaci\u00f3n de Consumidores, debemos se\u00f1alar que esto no se condice con la realidad. Proyectos como el \u2018Chao Dicom\u2019, el \u2018Derecho al olvido financiero\u2019 o \u2018Chao Hist\u00f3rico\u2019 y el \u2018Salvavidas Pymes\u2019, son del m\u00e1ximo inter\u00e9s de millones de consumidores y de las deudas que estos sufren, situaci\u00f3n que se ha agravado por la crisis econ\u00f3mica que atraviesa el pa\u00eds\u201d.<\/p>\n<p style=\"text-align: justify;\">Asimismo, la organizaci\u00f3n expres\u00f3 su preocupaci\u00f3n por la continuidad de la agenda legislativa orientada a los consumidores, Pymes y endeudados, instando a que los miembros de la comisi\u00f3n \u201ctengan en conocimiento y consideraci\u00f3n estas acciones por sobre intereses pol\u00edticos\u201d.<\/p>\n<p style=\"text-align: justify;\">\u201cLos impactos positivos para millones de consumidores, peque\u00f1as empresas y familias de todo el territorio nacional han sido acompa\u00f1ados por el diputado Manouchehri, impulsando agendas que protegen a las personas de los abusos del sistema financiero respetando el actuar de las instituciones democr\u00e1ticas, construyendo proyectos de integraci\u00f3n y cooperaci\u00f3n multilateral\u201d, se\u00f1al\u00f3 la organizaci\u00f3n.<\/p>\n<p>&nbsp;<\/p>\n<p>&nbsp;<\/p>\n<p>&nbsp;<\/p>\n","protected":false},"excerpt":{"rendered":"<p>Carta de Conadecus, por Hern\u00e1n Caler\u00f3n Ru\u00edz Conadecus respald\u00f3 la gesti\u00f3n del presidente Comisi\u00f3n de Econom\u00eda de la C\u00e1mara de Diputados, Daniel Manouchehri, previo a la votaci\u00f3n de censura en su contra, y emplaz\u00f3 a los miembros de la comisi\u00f3n a considerar la agenda del legislador PS por sobre intereses<\/p>\n","protected":false},"author":1,"featured_media":2575,"comment_status":"closed","ping_status":"open","sticky":false,"template":"","format":"standard","meta":{"footnotes":""},"categories":[26],"tags":[],"class_list":["post-2573","post","type-post","status-publish","format-standard","has-post-thumbnail","hentry","category-camara-de-diputadas-y-diputados"],"_links":{"self":[{"href":"https:\/\/minutaregional.cl\/index.php?rest_route=\/wp\/v2\/posts\/2573","targetHints":{"allow":["GET"]}}],"collection":[{"href":"https:\/\/minutaregional.cl\/index.php?rest_route=\/wp\/v2\/posts"}],"about":[{"href":"https:\/\/minutaregional.cl\/index.php?rest_route=\/wp\/v2\/types\/post"}],"author":[{"embeddable":true,"href":"https:\/\/minutaregional.cl\/index.php?rest_route=\/wp\/v2\/users\/1"}],"replies":[{"embeddable":true,"href":"https:\/\/minutaregional.cl\/index.php?rest_route=%2Fwp%2Fv2%2Fcomments&post=2573"}],"version-history":[{"count":1,"href":"https:\/\/minutaregional.cl\/index.php?rest_route=\/wp\/v2\/posts\/2573\/revisions"}],"predecessor-version":[{"id":2576,"href":"https:\/\/minutaregional.cl\/index.php?rest_route=\/wp\/v2\/posts\/2573\/revisions\/2576"}],"wp:featuredmedia":[{"embeddable":true,"href":"https:\/\/minutaregional.cl\/index.php?rest_route=\/wp\/v2\/media\/2575"}],"wp:attachment":[{"href":"https:\/\/minutaregional.cl\/index.php?rest_route=%2Fwp%2Fv2%2Fmedia&parent=2573"}],"wp:term":[{"taxonomy":"category","embeddable":true,"href":"https:\/\/minutaregional.cl\/index.php?rest_route=%2Fwp%2Fv2%2Fcategories&post=2573"},{"taxonomy":"post_tag","embeddable":true,"href":"https:\/\/minutaregional.cl\/index.php?rest_route=%2Fwp%2Fv2%2Ftags&post=2573"}],"curies":[{"name":"wp","href":"https:\/\/api.w.org\/{rel}","templated":true}]}}