{"id":2569,"date":"2022-11-17T23:20:15","date_gmt":"2022-11-17T23:20:15","guid":{"rendered":"https:\/\/minutaregional.cl\/?p=2569"},"modified":"2022-11-17T23:20:15","modified_gmt":"2022-11-17T23:20:15","slug":"mas-de-170-familias-de-limahuida-logran-conectividad-a-internet-de-fibra-optica-con-programa-en-red","status":"publish","type":"post","link":"https:\/\/minutaregional.cl\/?p=2569","title":{"rendered":"M\u00e1s de 170 familias de Lim\u00e1huida logran conectividad a internet de fibra \u00f3ptica con programa En Red"},"content":{"rendered":"<ul>\n<li style=\"text-align: justify;\"><em>Junto al Ministerio de Transportes, Minera Los Pelambres avanz\u00f3 en un nuevo hito del programa \u201cEn Red: Comunidad Digital\u201d en la comuna de Illapel, dotando a esta localidad de conexi\u00f3n de fibra \u00f3ptica estable, confiable y de calidad.<\/em><\/li>\n<li style=\"text-align: justify;\"><em>El programa est\u00e1 presente en distintas localidades de la provincia de Choapa y adem\u00e1s de mejorar la conectividad a internet, incluye proyectos de telemedicina, alfabetizaci\u00f3n y telemetr\u00eda para servicios sanitarios rurales. <\/em><\/li>\n<\/ul>\n<p style=\"text-align: justify;\"><strong>Lim\u00e1huida, Illapel, 17 de noviembre de 2022<\/strong>.- Un sue\u00f1o y un anhelo de a\u00f1os se hizo por fin realidad para las m\u00e1s de 170 familias de la localidad de Lim\u00e1huida, en la comuna de Illapel, gracias a la instalaci\u00f3n y puesta en marcha de internet fibra \u00f3ptica, que brindar\u00e1 conectividad estable y segura a la comunidad y con ello, facilitar\u00e1 el aprendizaje, la entretenci\u00f3n y la informaci\u00f3n de sus vecinos.<\/p>\n<p style=\"text-align: justify;\">El proyecto forma parte de \u201cEn Red\u201d, programa que desarrollan en conjunto Minera Los Pelambres y Mundo Telecomunicaciones, que dota de internet de alta velocidad a diversas comunidades de la provincia de Choapa que, debido a su ubicaci\u00f3n geogr\u00e1fica y las caracter\u00edsticas del territorio, tienen dificultades de conexi\u00f3n.<\/p>\n<p style=\"text-align: justify;\">Para marcar este hito para la comunidad de Lim\u00e1huida, se realiz\u00f3 una ceremonia en la que particip\u00f3 como invitado especial, el <strong>ministro de Transportes y Telecomunicaciones, Juan Carlos Mu\u00f1oz<\/strong>, cuya cartera lidera el Plan \u201cBrecha Digital Cero\u201d, que busca que la ciudadan\u00eda tenga acceso a la conectividad de Internet, independiente de sus posibilidades econ\u00f3micas o del lugar donde viva.<\/p>\n<p style=\"text-align: justify;\">Al respecto el ministro destac\u00f3 que \u201cestas iniciativas van en l\u00ednea con nuestro plan Brecha Digital Cero, que busca que si alguien no se conecta a Internet sea porque no quiere y no porque no puede. Y este objetivo lo hemos fijado porque sabemos que el costo de quedarse debajo de la digitalizaci\u00f3n es muy alto y, por lo general, lo est\u00e1n pagando quienes viven en sitios rurales y aislados. La conectividad acerca, ayuda, entrega apoyo; a la larga, mejora la calidad de vida de las personas y eso es lo que queremos para todas y todos\u201d.<\/p>\n<p style=\"text-align: justify;\">Gracias a esta iniciativa, las 170 casas de la localidad, adem\u00e1s de otros puntos de encuentro comunitario, como la Posta de Salud Rural y la Sede de la Junta de Vecinos, cuentan con una conexi\u00f3n que permitir\u00e1 que los ni\u00f1os y ni\u00f1as estudien, posibilitar\u00e1 hacer tr\u00e1mites en l\u00ednea a los vecinos y as\u00ed, hacerlos ahorrar tiempo y dinero, mejorando significativamente la calidad de vida y el bienestar de la comunidad de Lim\u00e1huida.<\/p>\n<p style=\"text-align: justify;\">As\u00ed lo destaca <strong>Gilberto Celis, presidente de AMADECOL<\/strong>, quien afirma que \u201cEsto era algo muy bueno y anhelado por muchos a\u00f1os por nosotros como comunidad. Estas son las cosas que como dirigente me enorgullecen. Este es un pueblo chiquitito, pero tenemos varias comodidades que antes no ten\u00edamos. Para m\u00ed es lo m\u00e1ximo tener internet y sobre todo, para los ni\u00f1os y para los adultos mayores\u201d.<\/p>\n<p style=\"text-align: justify;\"><strong>Alejandro V\u00e1squez, gerente general de Minera Los Pelambres,<\/strong> destaca que \u201choy estamos ratificando nuestro compromiso como Minera Los Pelambres para aportar de forma concreta al desarrollo de esta provincia, tal como lo hace el Ministerio de Transportes y Telecomunicaciones con el Plan Brecha Digital Cero, para que los habitantes de Choapa tengan acceso a la conectividad independiente del lugar o los recursos con los que cuenten.\u00a0 Es parte del compromiso que estamos cumpliendo ac\u00e1 en Limahuida, y tambi\u00e9n en el resto de la provincia\u00bb.<\/p>\n<p style=\"text-align: justify;\">Por su parte, <strong>V\u00edctor Gonz\u00e1lez, subgerente de mercados mayoristas, infraestructura y grandes proyectos de Mundo<\/strong>, expres\u00f3 que \u00abnos sentimos muy gratificados de haber llegado con conectividad a Lim\u00e1huida. La conectividad permite a las personas estar de igual a igual con el mundo. Es un orgullo estar presentes en esta localidad, donde ninguna otra compa\u00f1\u00eda hubiese apostado, pero donde nosotros apostamos por las personas\u00bb.<\/p>\n<p style=\"text-align: justify;\">El programa \u201cEn Red\u201d, tiene como objetivo integrar a las comunidades de los territorios donde opera la empresa Mundo en un proceso de transformaci\u00f3n digital, mejorando el acceso a la conectividad y la alfabetizaci\u00f3n digital como herramienta de acompa\u00f1amiento para la comunidad. Hoy, cuenta con una cartera de m\u00e1s de 20 iniciativas, que buscan mejorar las condiciones de bienestar en las comunidades en las \u00e1reas de Conectividad; Salud y Telemedicina; Formaci\u00f3n para el Empleo y el Emprendimiento y Gesti\u00f3n H\u00eddrica. Esta \u00faltima permitir\u00e1 que los 80 Servicios Sanitarios Rurales de la Provincia de Choapa cuenten con un sistema telem\u00e9trico que les permita tomar decisiones sobre la gesti\u00f3n del agua.<\/p>\n<p>&nbsp;<\/p>\n","protected":false},"excerpt":{"rendered":"<p>Junto al Ministerio de Transportes, Minera Los Pelambres avanz\u00f3 en un nuevo hito del programa \u201cEn Red: Comunidad Digital\u201d en la comuna de Illapel, dotando a esta localidad de conexi\u00f3n de fibra \u00f3ptica estable, confiable y de calidad. El programa est\u00e1 presente en distintas localidades de la provincia de Choapa<\/p>\n","protected":false},"author":1,"featured_media":2570,"comment_status":"closed","ping_status":"open","sticky":false,"template":"","format":"standard","meta":{"footnotes":""},"categories":[21,1],"tags":[],"class_list":["post-2569","post","type-post","status-publish","format-standard","has-post-thumbnail","hentry","category-municipalidades","category-noticias-regionales"],"_links":{"self":[{"href":"https:\/\/minutaregional.cl\/index.php?rest_route=\/wp\/v2\/posts\/2569","targetHints":{"allow":["GET"]}}],"collection":[{"href":"https:\/\/minutaregional.cl\/index.php?rest_route=\/wp\/v2\/posts"}],"about":[{"href":"https:\/\/minutaregional.cl\/index.php?rest_route=\/wp\/v2\/types\/post"}],"author":[{"embeddable":true,"href":"https:\/\/minutaregional.cl\/index.php?rest_route=\/wp\/v2\/users\/1"}],"replies":[{"embeddable":true,"href":"https:\/\/minutaregional.cl\/index.php?rest_route=%2Fwp%2Fv2%2Fcomments&post=2569"}],"version-history":[{"count":1,"href":"https:\/\/minutaregional.cl\/index.php?rest_route=\/wp\/v2\/posts\/2569\/revisions"}],"predecessor-version":[{"id":2571,"href":"https:\/\/minutaregional.cl\/index.php?rest_route=\/wp\/v2\/posts\/2569\/revisions\/2571"}],"wp:featuredmedia":[{"embeddable":true,"href":"https:\/\/minutaregional.cl\/index.php?rest_route=\/wp\/v2\/media\/2570"}],"wp:attachment":[{"href":"https:\/\/minutaregional.cl\/index.php?rest_route=%2Fwp%2Fv2%2Fmedia&parent=2569"}],"wp:term":[{"taxonomy":"category","embeddable":true,"href":"https:\/\/minutaregional.cl\/index.php?rest_route=%2Fwp%2Fv2%2Fcategories&post=2569"},{"taxonomy":"post_tag","embeddable":true,"href":"https:\/\/minutaregional.cl\/index.php?rest_route=%2Fwp%2Fv2%2Ftags&post=2569"}],"curies":[{"name":"wp","href":"https:\/\/api.w.org\/{rel}","templated":true}]}}