{"id":2562,"date":"2022-11-14T22:58:41","date_gmt":"2022-11-14T22:58:41","guid":{"rendered":"https:\/\/minutaregional.cl\/?p=2562"},"modified":"2022-11-14T22:58:41","modified_gmt":"2022-11-14T22:58:41","slug":"de-illapel-y-combarbala-son-los-ganadores-del-42-concurso-regional-de-cueca-escolar","status":"publish","type":"post","link":"https:\/\/minutaregional.cl\/?p=2562","title":{"rendered":"De Illapel y Combarbal\u00e1 son los ganadores del 42\u00b0 Concurso Regional de Cueca Escolar"},"content":{"rendered":"<p style=\"text-align: justify;\"><strong>Concurso se realiz\u00f3 este 10 de noviembre en Paihuano:<\/strong><\/p>\n<p style=\"text-align: justify;\">Una gran muestra de talento, fraternidad, convivencia sana y educaci\u00f3n integral, y con una \u00a0gran convocatoria de familiares, comunidad escolar y seguidores del baile nacional, se desarroll\u00f3 el \u201cCuadrag\u00e9simo Segundo \u201cConcurso Regional de Cueca Escolar\u201d, en la media luna de la localidad de Horc\u00f3n, organizado por el Ministerio de Educaci\u00f3n, en alianza este a\u00f1o con la comuna de Paihuano.<\/p>\n<p style=\"text-align: justify;\">El primer lugar en educaci\u00f3n b\u00e1sica lo obtuvieron Isidora G\u00f3mez Hern\u00e1ndez y Alonso Cort\u00e9s P\u00e9rez, estudiantes del colegio San Francisco de Borja de la comuna de Combarbal\u00e1. En tanto, el primer lugar en educaci\u00f3n media fue para Bel\u00e9n Araya Jamett y Ricardo Past\u00e9n \u00c1lvarez del liceo bicentenario Domingo Ortiz de Rosas de la comuna de Illapel. Las y los ganadores participar\u00e1n en la Muestra Nacional de Cueca Escolar, a realizarse en la comuna de Coquimbo, durante el mes de diciembre.<\/p>\n<p style=\"text-align: justify;\">La ganadora de ense\u00f1anza b\u00e1sica, Isidora G\u00f3mez Hern\u00e1ndez indic\u00f3 que \u201ces una sensaci\u00f3n de alegr\u00eda, porque es un segundo concurso regional de cueca que gano\u201d. En tanto, su pareja de baile Alonso Cort\u00e9s P\u00e9rez expres\u00f3 que \u201ces una felicidad muy grande el triunfo porque es mi primer regional. Empec\u00e9 desde hace muy poco a ensayar para los campeonatos\u201d. Ambos estudiantes agradecieron a sus profesores por el logro.<\/p>\n<p style=\"text-align: justify;\">La ganadora de ense\u00f1anza media, la estudiante Bel\u00e9n Araya Jamett se\u00f1al\u00f3 que \u201cestamos muy felices por lo logrado, porque siempre era algo que hab\u00edamos so\u00f1ado desde quinto b\u00e1sico\u201d. Por su parte, su pareja de baile, el estudiante Ricardo Past\u00e9n \u00c1lvarez relat\u00f3 sobre su triunfo que \u201cno lo esperaba, pero es un sue\u00f1o que uno persigue y que trabaja para eso. Son a\u00f1os donde nuestro profesor Omar Godoy se ha sacado la mugre por nosotros y por ense\u00f1arnos esto, que tanto nos gusta\u201d.<\/p>\n<p style=\"text-align: justify;\">La seremi de Educaci\u00f3n, Cecilia Ram\u00edrez Ch\u00e1vez destac\u00f3 que \u201clogramos el objetivo que era que las y los estudiantes de nuestra regi\u00f3n tuvieran una actividad donde pudieran fraternizar. Lo que vimos en la premiaci\u00f3n, es una muestra de lo que queremos lograr desde la Pol\u00edtica de Reactivaci\u00f3n Integral de Aprendizajes \u201cSeamos Comunidad\u201d, que es una convivencia sana entre las y los estudiantes de nuestra regi\u00f3n y del pa\u00eds. Ver a las y los estudiantes que mientras bailaban los ganadores, estuvieron todos acompa\u00f1\u00e1ndolos con un zapateo y escobillado haciendo un semic\u00edrculo, es de un gusto tremendo como Ministerio de Educaci\u00f3n. No es s\u00f3lo lo acad\u00e9mico de lenguaje o matem\u00e1ticas. Tambi\u00e9n est\u00e1n en la formaci\u00f3n integral las artes, la cultura, la danza y la m\u00fasica. Queremos fortalecer y crear condiciones para que las escuelas puedan formar integralmente a las y los futuros ciudadanos\u201d.<\/p>\n<p style=\"text-align: justify;\">El alcalde de Paihuano, Hern\u00e1n Ahumada Ahumada afirm\u00f3 que \u201cestamos muy contentos despu\u00e9s de dos a\u00f1os de no realizarse este campeonato a causa de la pandemia. Que se haya realizado ac\u00e1 el campeonato regional en este hermoso paisaje natural de fondo en el coraz\u00f3n del valle de Elqui, trayendo esta gran convocatoria de personas que viajaron cientos de kil\u00f3metros. Y haber finalizado con este marco de p\u00fablico hermoso. Destacar a la organizaci\u00f3n el apoyo entre los cuequeros y estudiantes, el Ministerio de Educaci\u00f3n y la Municipalidad de Paihuano nos deja el coraz\u00f3n lleno y con ganas de seguir haciendo cosas ac\u00e1 en la tierra m\u00e1gica de Paihuano\u201d.<\/p>\n<p style=\"text-align: justify;\">El jurado estuvo integrado por Joaqu\u00edn Aguirre L\u00f3pez, representante del Ministerio de Educaci\u00f3n; Ivonne Campos Manriquez, \u00a0representante de la provincia de Elqui; Andrea Hennot Gonz\u00e1lez, representante de la provincia de Limar\u00ed; Rodrigo Ram\u00edrez Alcota, representante de la provincia de Choapa y Felipe Rivera Adaos, representante de la comuna de Paihuano.<\/p>\n","protected":false},"excerpt":{"rendered":"<p>Concurso se realiz\u00f3 este 10 de noviembre en Paihuano: Una gran muestra de talento, fraternidad, convivencia sana y educaci\u00f3n integral, y con una \u00a0gran convocatoria de familiares, comunidad escolar y seguidores del baile nacional, se desarroll\u00f3 el \u201cCuadrag\u00e9simo Segundo \u201cConcurso Regional de Cueca Escolar\u201d, en la media luna de la<\/p>\n","protected":false},"author":1,"featured_media":2563,"comment_status":"closed","ping_status":"open","sticky":false,"template":"","format":"standard","meta":{"footnotes":""},"categories":[21,1,40],"tags":[],"class_list":["post-2562","post","type-post","status-publish","format-standard","has-post-thumbnail","hentry","category-municipalidades","category-noticias-regionales","category-secreduc_iv"],"_links":{"self":[{"href":"https:\/\/minutaregional.cl\/index.php?rest_route=\/wp\/v2\/posts\/2562","targetHints":{"allow":["GET"]}}],"collection":[{"href":"https:\/\/minutaregional.cl\/index.php?rest_route=\/wp\/v2\/posts"}],"about":[{"href":"https:\/\/minutaregional.cl\/index.php?rest_route=\/wp\/v2\/types\/post"}],"author":[{"embeddable":true,"href":"https:\/\/minutaregional.cl\/index.php?rest_route=\/wp\/v2\/users\/1"}],"replies":[{"embeddable":true,"href":"https:\/\/minutaregional.cl\/index.php?rest_route=%2Fwp%2Fv2%2Fcomments&post=2562"}],"version-history":[{"count":1,"href":"https:\/\/minutaregional.cl\/index.php?rest_route=\/wp\/v2\/posts\/2562\/revisions"}],"predecessor-version":[{"id":2564,"href":"https:\/\/minutaregional.cl\/index.php?rest_route=\/wp\/v2\/posts\/2562\/revisions\/2564"}],"wp:featuredmedia":[{"embeddable":true,"href":"https:\/\/minutaregional.cl\/index.php?rest_route=\/wp\/v2\/media\/2563"}],"wp:attachment":[{"href":"https:\/\/minutaregional.cl\/index.php?rest_route=%2Fwp%2Fv2%2Fmedia&parent=2562"}],"wp:term":[{"taxonomy":"category","embeddable":true,"href":"https:\/\/minutaregional.cl\/index.php?rest_route=%2Fwp%2Fv2%2Fcategories&post=2562"},{"taxonomy":"post_tag","embeddable":true,"href":"https:\/\/minutaregional.cl\/index.php?rest_route=%2Fwp%2Fv2%2Ftags&post=2562"}],"curies":[{"name":"wp","href":"https:\/\/api.w.org\/{rel}","templated":true}]}}