{"id":2559,"date":"2022-11-14T22:03:14","date_gmt":"2022-11-14T22:03:14","guid":{"rendered":"https:\/\/minutaregional.cl\/?p=2559"},"modified":"2022-11-14T22:03:14","modified_gmt":"2022-11-14T22:03:14","slug":"coordinacion-intersectorial-la-clave-para-la-recuperacion-de-espacios-publicos","status":"publish","type":"post","link":"https:\/\/minutaregional.cl\/?p=2559","title":{"rendered":"Coordinaci\u00f3n intersectorial, la clave para la recuperaci\u00f3n de espacios p\u00fablicos"},"content":{"rendered":"<ul>\n<li style=\"text-align: justify;\"><strong><em>M\u00e1s all\u00e1 de la perspectiva de seguridad p\u00fablica, esta acci\u00f3n conlleva un trabajo que involucra la participaci\u00f3n de diferentes servicios, cada uno con un rol definido que permite dar soluci\u00f3n a las tem\u00e1ticas que envuelven la problem\u00e1tica de estos espacios, como los temas sanitarios y econ\u00f3micos. <\/em><\/strong><\/li>\n<\/ul>\n<p style=\"text-align: justify;\"><strong>\u00a0<\/strong>Desde agosto lleva implementado en La Serena el despliegue de Recuperaci\u00f3n de Espacios P\u00fablicos y, desde hace algunas semanas, ya se vienen desarrollando las reuniones de planificaci\u00f3n para ejecutarla en la comuna de Coquimbo.<\/p>\n<p style=\"text-align: justify;\">Y es que m\u00e1s all\u00e1 de las intervenciones en terreno, esta estrategia tiene el componente de la coordinaci\u00f3n intersectorial, porque <strong>\u201ccada servicio cumple un rol clave\u201d<\/strong>, seg\u00fan explic\u00f3 el Delegado Presidencial, Rub\u00e9n Quezada.<\/p>\n<p style=\"text-align: justify;\"><strong>\u201cEste trabajo nos involucra a todos, cada uno pone su esfuerzo, los equipos de salud, los equipos econ\u00f3micos, profesionales y el mundo de la cultura, el compromiso de los municipios y la voluntad de los comerciantes que ha sido muy positiva y dispuesta a colaborar. Es un trabajo de todos y todas para recuperar estas zonas que, tras muchos a\u00f1os, hab\u00edan sido arrebatados\u201d<\/strong>, explic\u00f3 el Delegado Quezada.<\/p>\n<p style=\"text-align: justify;\"><strong>El rol se los servicios._<\/strong><\/p>\n<p style=\"text-align: justify;\"><strong>\u00a0<\/strong>El objetivo es poner en acci\u00f3n una medida integral no solamente pensando en el orden p\u00fablico, sino que tambi\u00e9n permita entregar oportunidades de formalizaci\u00f3n a los vendedores, que puedan regularizar la venta de sus productos, sin someterse a infracciones y tambi\u00e9n potenciar las \u00e1reas c\u00e9ntricas ya establecidas.<\/p>\n<p style=\"text-align: justify;\">El Delegado Rub\u00e9n Quezada enfatiz\u00f3 que <strong>\u201cla recuperaci\u00f3n no se acota solamente al copamiento policial, hay un trabajo previo, un diagn\u00f3stico, hay generaci\u00f3n de confianzas, para que, despu\u00e9s del copamiento, se preserve y se refuerce la recuperaci\u00f3n para que est\u00e9 dispuesto en las mejores condiciones para los vecinos y vecinas\u201d<\/strong>.<\/p>\n<p style=\"text-align: justify;\">Asimismo lo enfatiz\u00f3 el Seremi de Econom\u00eda, Nicol\u00e1s Ledezma, quien destac\u00f3 que el trabajo tambi\u00e9n permite potenciar al comercio tradicional, a trav\u00e9s de las herramientas p\u00fablicas de financiamiento de proyectos que les permitan mejorar sus ventas.<\/p>\n<p style=\"text-align: justify;\"><strong>\u201cNos hemos sumado en este trabajo coordinado, principalmente al trabajo con las agrupaciones que han querido formalizarse. Les hemos ofrecido las facilidades con capacitaciones y contacto directo en los centros de negocios de SERCOTEC y apoyo de Impuestos Internos para que vean en la formalizaci\u00f3n un camino para el desarrollo y no una traba para su crecimiento\u201d<\/strong>, acot\u00f3 el Seremi Ledezma.<\/p>\n<p style=\"text-align: justify;\">Por otra parte, est\u00e1 el \u00e1mbito sanitario, el que ayuda en la formalizaci\u00f3n de los locales de venta de alimentos. La Seremi de Salud ha acompa\u00f1ado en la educaci\u00f3n respecto a la manipulaci\u00f3n de estos productos, incluso de aquellos elementos que podr\u00edan generar alg\u00fan da\u00f1o a la poblaci\u00f3n.<\/p>\n<p style=\"text-align: justify;\">En esta l\u00ednea, la Seremi Paola Salas expres\u00f3 que <strong>\u201cel fin \u00faltimo de la fiscalizaci\u00f3n de la autoridad sanitaria es la protecci\u00f3n de la salud de la personas. Nosotros queremos que las personas que vendan alimentos, lo hagan basado\u00a0 en las mejores condiciones, con las autorizaciones respectivas y no provoquen alguna enfermedad, porque hay pat\u00f3genos que se transmiten cuando no hay cadena de fr\u00edo o lavados\u201d<\/strong>.<\/p>\n<p style=\"text-align: justify;\">De esta forma se ha definido una estrategia destacada desde diversos frentes, desde menciones del Presidente Gabriel Boric hasta la valoraci\u00f3n de la propia comunidad que ha visto una reducci\u00f3n significativa de los delitos (34% en el centro de La Serena) y aumento de sus ventas.<\/p>\n","protected":false},"excerpt":{"rendered":"<p>M\u00e1s all\u00e1 de la perspectiva de seguridad p\u00fablica, esta acci\u00f3n conlleva un trabajo que involucra la participaci\u00f3n de diferentes servicios, cada uno con un rol definido que permite dar soluci\u00f3n a las tem\u00e1ticas que envuelven la problem\u00e1tica de estos espacios, como los temas sanitarios y econ\u00f3micos. \u00a0Desde agosto lleva implementado<\/p>\n","protected":false},"author":1,"featured_media":2560,"comment_status":"closed","ping_status":"open","sticky":false,"template":"","format":"standard","meta":{"footnotes":""},"categories":[51],"tags":[],"class_list":["post-2559","post","type-post","status-publish","format-standard","has-post-thumbnail","hentry","category-seremisalud_coquimbo"],"_links":{"self":[{"href":"https:\/\/minutaregional.cl\/index.php?rest_route=\/wp\/v2\/posts\/2559","targetHints":{"allow":["GET"]}}],"collection":[{"href":"https:\/\/minutaregional.cl\/index.php?rest_route=\/wp\/v2\/posts"}],"about":[{"href":"https:\/\/minutaregional.cl\/index.php?rest_route=\/wp\/v2\/types\/post"}],"author":[{"embeddable":true,"href":"https:\/\/minutaregional.cl\/index.php?rest_route=\/wp\/v2\/users\/1"}],"replies":[{"embeddable":true,"href":"https:\/\/minutaregional.cl\/index.php?rest_route=%2Fwp%2Fv2%2Fcomments&post=2559"}],"version-history":[{"count":1,"href":"https:\/\/minutaregional.cl\/index.php?rest_route=\/wp\/v2\/posts\/2559\/revisions"}],"predecessor-version":[{"id":2561,"href":"https:\/\/minutaregional.cl\/index.php?rest_route=\/wp\/v2\/posts\/2559\/revisions\/2561"}],"wp:featuredmedia":[{"embeddable":true,"href":"https:\/\/minutaregional.cl\/index.php?rest_route=\/wp\/v2\/media\/2560"}],"wp:attachment":[{"href":"https:\/\/minutaregional.cl\/index.php?rest_route=%2Fwp%2Fv2%2Fmedia&parent=2559"}],"wp:term":[{"taxonomy":"category","embeddable":true,"href":"https:\/\/minutaregional.cl\/index.php?rest_route=%2Fwp%2Fv2%2Fcategories&post=2559"},{"taxonomy":"post_tag","embeddable":true,"href":"https:\/\/minutaregional.cl\/index.php?rest_route=%2Fwp%2Fv2%2Ftags&post=2559"}],"curies":[{"name":"wp","href":"https:\/\/api.w.org\/{rel}","templated":true}]}}