{"id":2550,"date":"2022-11-12T16:56:30","date_gmt":"2022-11-12T16:56:30","guid":{"rendered":"https:\/\/minutaregional.cl\/?p=2550"},"modified":"2022-11-12T16:56:30","modified_gmt":"2022-11-12T16:56:30","slug":"diputado-daniel-manouchehri-podemos-ser-el-primer-pais-en-consagrar-el-derecho-al-olvido-financiero","status":"publish","type":"post","link":"https:\/\/minutaregional.cl\/?p=2550","title":{"rendered":"Diputado Daniel Manouchehri: \u00abPodemos ser el primer pa\u00eds en consagrar el derecho al olvido financiero\u00bb"},"content":{"rendered":"<p>La Comisi\u00f3n de Econom\u00eda de la C\u00e1mara de Diputadas y Diputados aprob\u00f3 en general el proyecto que consagra el \u201cDerecho al olvido financiero\u201d. En esa l\u00ednea, el diputado socialista Daniel Manouchehri, autor de la iniciativa, destac\u00f3 que \u201cChile es el primer pa\u00eds del mundo en legislar a este respecto\u201d.<\/p>\n<p>\u201cEl derecho al olvido financiero es justo. Se hace cargo de temas esenciales de la modernidad: El endeudamiento y el tr\u00e1fico de datos. Estamos trabajando para consagrarlo legalmente, obligando a las entidades financieras a eliminar de sus registros las deudas prescritas o incluso pagadas, de m\u00e1s de 5 a\u00f1os. Tal como se\u00f1al\u00f3 la Asociaci\u00f3n de Bancos, Chile ser\u00eda el primer pa\u00eds del mundo en legislar a este respecto\u201d, se\u00f1al\u00f3 Manouchehri.<\/p>\n<p>El \u201cDerecho al olvido financiero\u201d o \u201cChao Hist\u00f3rico\u201d -tambi\u00e9n llamado as\u00ed porque las instituciones financieras guardan \u201cregistros hist\u00f3ricos\u201d de deudas- fue aprobado en general el martes 10 de noviembre y est\u00e1 puesto en tabla para continuar su tramitaci\u00f3n el martes 22. Ah\u00ed la comisi\u00f3n votar\u00e1 sus indicaciones \u201chasta total despacho\u201d, es decir, ese mismo d\u00eda debe ser despachado a Sala indistintamente lo que suceda con la presidencia de la comisi\u00f3n.<\/p>\n<p>El diputado por la Regi\u00f3n de Coquimbo enfatiz\u00f3 en que el proyecto genera \u201cel rechazo categ\u00f3rico de la banca, ellos no quieren perder poder, pero mi trabajo es estar con la gente. Hoy un asesino puede borrar sus antecedentes y mostrar una hoja limpia, pero alguien por una deuda de 20 mil pesos de hace 15 a\u00f1os est\u00e1 condenado a ser discriminado de esa entidad financiera de por vida\u201d.<\/p>\n<p>Agenda pro-endeudados y transversalidad<\/p>\n<p>Tanto en el Congreso como en los medios de comunicaci\u00f3n, Daniel Manouchehri se ha referido a esta \u201cagenda econ\u00f3mica\u201d o \u201cagenda pro-endeudados\u201d que est\u00e1 desarrollando con legisladores de todo el espectro pol\u00edtico y con el gobierno. \u00c9sta contempla la tramitaci\u00f3n de iniciativas como \u201cChao Dicom\u201d, \u201cSalvavidas Pymes\u201d y el \u201cRegistro de Deuda Consolidada\u201d, sumadas al \u201cDerecho al olvido financiero\u201d. \u201cLo hemos hecho de una manera estrat\u00e9gica, avanzando por diversas v\u00edas, mediante indicaciones y mociones parlamentarias. Tenemos convicci\u00f3n de que vamos a conseguir que esto est\u00e9 en nuestra legislaci\u00f3n\u201d, asever\u00f3 Manouchehri.<\/p>\n<p>\u201cEste proyecto se complementa con el \u2018Chao Dicom\u2019, que proh\u00edbe comunicar las deudas desde el 18 de octubre de 2019 al 30 de mayo de 2022, eliminando en la pr\u00e1ctica los registros del llamado popularmente \u201cDicom\u201d, que fue aprobado por la C\u00e1mara de Diputados a la espera que el presidente de la Comisi\u00f3n de Econom\u00eda del Senado, Jos\u00e9 Miguel Durana, lo ponga en tabla\u201d, agreg\u00f3 el legislador por la Regi\u00f3n de Coquimbo.<\/p>\n<p>En este sentido, el presidente de la Comisi\u00f3n de Econom\u00eda de la C\u00e1mara ha destacado el trabajo de los diputados Miguel Mellado (RN) y Joaqu\u00edn Lav\u00edn Le\u00f3n (UDI), con quienes adem\u00e1s de ser coautores del \u201cDerecho al olvido financiero\u201d, \u201chemos podido trabajar de una manera colaborativa construyendo buenos acuerdos, para aprobar proyectos transversales en favor de la gente. Ese \u00e1nimo debe permanecer porque es bueno para Chile\u201d, recalc\u00f3 Manouchehri.<\/p>\n<p>Finalmente, el legislador del PS proyect\u00f3 que \u201crestringir la cantidad de datos que tienen las entidades financieras sobre los ciudadanos, favorece a la gente y le resta poder a la banca. El avance de la inteligencia artificial y el uso de datos para tomar decisiones es una tem\u00e1tica poco hablada, pero quiz\u00e1s la m\u00e1s relevante para el futuro que r\u00e1pidamente se acerca\u201d.<\/p>\n<p>&nbsp;<\/p>\n","protected":false},"excerpt":{"rendered":"<p>La Comisi\u00f3n de Econom\u00eda de la C\u00e1mara de Diputadas y Diputados aprob\u00f3 en general el proyecto que consagra el \u201cDerecho al olvido financiero\u201d. En esa l\u00ednea, el diputado socialista Daniel Manouchehri, autor de la iniciativa, destac\u00f3 que \u201cChile es el primer pa\u00eds del mundo en legislar a este respecto\u201d. \u201cEl<\/p>\n","protected":false},"author":1,"featured_media":2492,"comment_status":"closed","ping_status":"open","sticky":false,"template":"","format":"standard","meta":{"footnotes":""},"categories":[26],"tags":[],"class_list":["post-2550","post","type-post","status-publish","format-standard","has-post-thumbnail","hentry","category-camara-de-diputadas-y-diputados"],"_links":{"self":[{"href":"https:\/\/minutaregional.cl\/index.php?rest_route=\/wp\/v2\/posts\/2550","targetHints":{"allow":["GET"]}}],"collection":[{"href":"https:\/\/minutaregional.cl\/index.php?rest_route=\/wp\/v2\/posts"}],"about":[{"href":"https:\/\/minutaregional.cl\/index.php?rest_route=\/wp\/v2\/types\/post"}],"author":[{"embeddable":true,"href":"https:\/\/minutaregional.cl\/index.php?rest_route=\/wp\/v2\/users\/1"}],"replies":[{"embeddable":true,"href":"https:\/\/minutaregional.cl\/index.php?rest_route=%2Fwp%2Fv2%2Fcomments&post=2550"}],"version-history":[{"count":1,"href":"https:\/\/minutaregional.cl\/index.php?rest_route=\/wp\/v2\/posts\/2550\/revisions"}],"predecessor-version":[{"id":2552,"href":"https:\/\/minutaregional.cl\/index.php?rest_route=\/wp\/v2\/posts\/2550\/revisions\/2552"}],"wp:featuredmedia":[{"embeddable":true,"href":"https:\/\/minutaregional.cl\/index.php?rest_route=\/wp\/v2\/media\/2492"}],"wp:attachment":[{"href":"https:\/\/minutaregional.cl\/index.php?rest_route=%2Fwp%2Fv2%2Fmedia&parent=2550"}],"wp:term":[{"taxonomy":"category","embeddable":true,"href":"https:\/\/minutaregional.cl\/index.php?rest_route=%2Fwp%2Fv2%2Fcategories&post=2550"},{"taxonomy":"post_tag","embeddable":true,"href":"https:\/\/minutaregional.cl\/index.php?rest_route=%2Fwp%2Fv2%2Ftags&post=2550"}],"curies":[{"name":"wp","href":"https:\/\/api.w.org\/{rel}","templated":true}]}}