{"id":2544,"date":"2022-11-11T15:24:44","date_gmt":"2022-11-11T15:24:44","guid":{"rendered":"https:\/\/minutaregional.cl\/?p=2544"},"modified":"2022-11-11T15:24:44","modified_gmt":"2022-11-11T15:24:44","slug":"zumbale-primo-camila-gallardo-y-chico-trujillo-llegan-a-illapel-para-celebrar-el-aniversario-268-de-la-comuna","status":"publish","type":"post","link":"https:\/\/minutaregional.cl\/?p=2544","title":{"rendered":"\u201cZ\u00fambale Primo\u201d, \u201cCamila Gallardo\u201d y \u201cChico Trujillo\u201d llegan a Illapel  para celebrar el aniversario 268 de la comuna"},"content":{"rendered":"<ul>\n<li style=\"text-align: justify;\"><strong>Los populares exponentes de la m\u00fasica nacional fueron invitados por la municipalidad illapelina para ofrecer shows gratuitos para la comunidad, este viernes 11 y s\u00e1bado 12 de noviembre. Tambi\u00e9n habr\u00e1 desfile, carnaval de comparsas y m\u00fasicos locales en el marco de las celebraciones.<\/strong><\/li>\n<\/ul>\n<p style=\"text-align: justify;\">\u201cToda la carne a la parrilla\u201d est\u00e1 tirando la Municipalidad de Illapel para celebrar el aniversario 268 de la capital de la provincia del Choapa. Es por ello que para este fin de semana se est\u00e1n preparando tres espectaculares shows musicales gratuitos para los vecinos y vecinas de la comuna. En el escenario del frontis de la Casa de la Cultura illapelina se presentar\u00e1 hoy la exitosa agrupaci\u00f3n de cumbia ranchera \u201cZ\u00fambale Primo\u201d, mientras que ma\u00f1ana 12 de noviembre corresponder\u00e1 el turno a la cantante nacional y ex participante del programa \u201cThe Voice Chile\u201d, Camila Gallardo, junto a la internacionalmente conocida banda de nueva cumbia chilena, \u201cChico Trujillo\u201d. Ambos d\u00edas, las presentaciones de los artistas nacionales inician a las 21.30 horas.<\/p>\n<p style=\"text-align: justify;\">El alcalde de Illapel, Denis Cort\u00e9s Aguilera, invit\u00f3 a toda la comunidad a participar del espect\u00e1culo musical por el aniversario comunal, destacando que contar con los connotados artistas nacionales requiri\u00f3 de una planificaci\u00f3n anticipada, gran despliegue del municipio, y que el evento del fin de semana ser\u00e1 el primero en su magnitud tras la flexibilizaci\u00f3n de las medidas sanitarias en el pa\u00eds producto de la pandemia.<\/p>\n<p style=\"text-align: justify;\"><strong>\u201cEst\u00e1 todo muy bonito, hay harto trabajo del equipo municipal. An\u00edmense a venir, a pasarla bien, vengan a apoyar a los emprendedores, a los artesanos, a los artistas locales (\u2026) Nos hemos preparado con mucha anticipaci\u00f3n, al igual que lo hicimos para Fiestas Patrias, para armar una propuesta bien entretenida. Para contar con \u2018Z\u00fambale Primo\u2019 lo complicado fue tener la fecha con ellos para este viernes, porque est\u00e1n tocando todos los d\u00edas, a tablero vuelto, a lo largo del pa\u00eds. Y el s\u00e1bado vamos a tener un tremendo cierre con Camila Gallardo, artista consolidada a nivel nacional, y \u2018Chico Trujillo\u2019 que creo que es una de las mejores bandas del pa\u00eds desde hace muchos a\u00f1os\u201d<\/strong>, manifest\u00f3 con entusiasmo el alcalde de Illapel.<\/p>\n<p style=\"text-align: justify;\">Las actividades aniversario de este fin de semana contemplan, adem\u00e1s, un desfile de las escuelas, colegios municipales y fuerzas vivas de la comuna (viernes 11, a las 17.00 horas); un Carnaval de Comparsas (s\u00e1bado 12, a las 18 horas); Feria de Emprendedores y Artesanos en Plaza de Armas, Patio de Comidas, junto a la presentaci\u00f3n de m\u00fasicos locales.<\/p>\n<p style=\"text-align: justify;\">Desde el inicio de las actividades por el aniversario 268 en Illapel, a principio de mes, la Municipalidad ha organizado iniciativas de diferentes tem\u00e1ticas que han convocado a los vecinos y vecinas de la comuna, adem\u00e1s de visitantes. Entre ellas destacan un \u201cFestival Multicultural\u201d de cuecas y m\u00fasica andina; el Festival del Recuerdo \u201cLos Lolos de Ayer\u201d, con la actuaci\u00f3n de Larry Wilson y competidores locales; una \u201cZumbat\u00f3n\u201d en apoyo de la Telet\u00f3n; una competencia de descenso en bicicleta en colaboraci\u00f3n con la agrupaci\u00f3n Kiltro\u2019s Bike; una \u201cCorrida Familiar\u201c de 3, 5 y 8K; y el lanzamiento de un proyecto de mosaico en la escalera Valdivieso, en el centro de la ciudad.<\/p>\n<p style=\"text-align: justify;\">En los pr\u00f3ximos d\u00edas se realizar\u00e1 un Masivo de Crossfit (jueves 17), la segunda versi\u00f3n del Festival de M\u00fasica Urbana \u201cPangea\u201d (s\u00e1bado 19) y una Exhibici\u00f3n Tunning en Plaza de Armas, el domingo 20 de noviembre del 2022.<\/p>\n","protected":false},"excerpt":{"rendered":"<p>Los populares exponentes de la m\u00fasica nacional fueron invitados por la municipalidad illapelina para ofrecer shows gratuitos para la comunidad, este viernes 11 y s\u00e1bado 12 de noviembre. Tambi\u00e9n habr\u00e1 desfile, carnaval de comparsas y m\u00fasicos locales en el marco de las celebraciones. \u201cToda la carne a la parrilla\u201d est\u00e1<\/p>\n","protected":false},"author":1,"featured_media":2545,"comment_status":"closed","ping_status":"open","sticky":false,"template":"","format":"standard","meta":{"footnotes":""},"categories":[21],"tags":[],"class_list":["post-2544","post","type-post","status-publish","format-standard","has-post-thumbnail","hentry","category-municipalidades"],"_links":{"self":[{"href":"https:\/\/minutaregional.cl\/index.php?rest_route=\/wp\/v2\/posts\/2544","targetHints":{"allow":["GET"]}}],"collection":[{"href":"https:\/\/minutaregional.cl\/index.php?rest_route=\/wp\/v2\/posts"}],"about":[{"href":"https:\/\/minutaregional.cl\/index.php?rest_route=\/wp\/v2\/types\/post"}],"author":[{"embeddable":true,"href":"https:\/\/minutaregional.cl\/index.php?rest_route=\/wp\/v2\/users\/1"}],"replies":[{"embeddable":true,"href":"https:\/\/minutaregional.cl\/index.php?rest_route=%2Fwp%2Fv2%2Fcomments&post=2544"}],"version-history":[{"count":1,"href":"https:\/\/minutaregional.cl\/index.php?rest_route=\/wp\/v2\/posts\/2544\/revisions"}],"predecessor-version":[{"id":2546,"href":"https:\/\/minutaregional.cl\/index.php?rest_route=\/wp\/v2\/posts\/2544\/revisions\/2546"}],"wp:featuredmedia":[{"embeddable":true,"href":"https:\/\/minutaregional.cl\/index.php?rest_route=\/wp\/v2\/media\/2545"}],"wp:attachment":[{"href":"https:\/\/minutaregional.cl\/index.php?rest_route=%2Fwp%2Fv2%2Fmedia&parent=2544"}],"wp:term":[{"taxonomy":"category","embeddable":true,"href":"https:\/\/minutaregional.cl\/index.php?rest_route=%2Fwp%2Fv2%2Fcategories&post=2544"},{"taxonomy":"post_tag","embeddable":true,"href":"https:\/\/minutaregional.cl\/index.php?rest_route=%2Fwp%2Fv2%2Ftags&post=2544"}],"curies":[{"name":"wp","href":"https:\/\/api.w.org\/{rel}","templated":true}]}}